{"id":9524,"date":"2023-10-18T10:13:43","date_gmt":"2023-10-18T08:13:43","guid":{"rendered":"https:\/\/broquetas.com\/?p=9524"},"modified":"2023-10-18T10:14:31","modified_gmt":"2023-10-18T08:14:31","slug":"nous-sommes-a-nouveau-presents-en-evertiq_warsaw-2023","status":"publish","type":"post","link":"https:\/\/broquetas.com\/fr\/nous-sommes-a-nouveau-presents-en-evertiq_warsaw-2023\/","title":{"rendered":"NOUS SOMMES \u00c0 NOUVEAU PR\u00c9SENTS EN EVERTIQ_WARSAW 2023"},"content":{"rendered":"\t\t<div data-elementor-type=\"wp-post\" data-elementor-id=\"9524\" class=\"elementor elementor-9524 elementor-9501\">\n\t\t\t\t\t\t<section class=\"elementor-section elementor-top-section elementor-element elementor-element-ff736f0 elementor-section-boxed elementor-section-height-default elementor-section-height-default\" data-id=\"ff736f0\" data-element_type=\"section\" data-e-type=\"section\">\n\t\t\t\t\t\t<div class=\"elementor-container elementor-column-gap-default\">\n\t\t\t\t\t<div class=\"elementor-column elementor-col-100 elementor-top-column elementor-element elementor-element-2de6c85 column-d-block\" data-id=\"2de6c85\" data-element_type=\"column\" data-e-type=\"column\">\n\t\t\t<div class=\"elementor-widget-wrap elementor-element-populated\">\n\t\t\t\t\t\t<div class=\"elementor-element elementor-element-0fadcbb float-sm-right w-auto m-b m-b-xs ml-sm-4 mx-auto elementor-widget elementor-widget-image\" data-id=\"0fadcbb\" data-element_type=\"widget\" data-e-type=\"widget\" data-widget_type=\"image.default\">\n\t\t\t\t<div class=\"elementor-widget-container\">\n\t\t\t\t\t\t\t\t\t\t\t\t\t\t\t<img fetchpriority=\"high\" decoding=\"async\" width=\"1140\" height=\"595\" src=\"https:\/\/broquetas.com\/wp-content\/uploads\/2023\/10\/IMG_1371-1140x595.jpg\" class=\"attachment-portfolio-full size-portfolio-full wp-image-9508\" alt=\"\" \/>\t\t\t\t\t\t\t\t\t\t\t\t\t\t\t<\/div>\n\t\t\t\t<\/div>\n\t\t\t\t<div class=\"elementor-element elementor-element-fc00f3b elementor-widget elementor-widget-text-editor\" data-id=\"fc00f3b\" data-element_type=\"widget\" data-e-type=\"widget\" data-widget_type=\"text-editor.default\">\n\t\t\t\t<div class=\"elementor-widget-container\">\n\t\t\t\t\t\t\t\t\t<div id=\"ts-body\"><div class=\"css-52 ts-pivot-container\"><div id=\"ContentContainer\"><div role=\"tabpanel\" aria-labelledby=\"Pivot2-Tab0\"><div class=\"ts-lookup-pivot\"><div id=\"Lookup\" class=\"ts-pivot-lookup-component\"><div class=\"ms-Grid ts-grid\"><div class=\"ms-Grid-row\"><div class=\"ts-textfield-container \" lang=\"en\"><div class=\"ts-alignment-view-container\"><div id=\"ts-alignment-view-idtgt\" class=\"ts-alignment-view ms-font-m ts-alignment-view-tgt ts-ltr-left-zero\" tabindex=\"0\" aria-hidden=\"false\"><div tabindex=\"0\" role=\"label\"><div id=\"ts-body\"><div class=\"css-44 ts-pivot-container\"><div id=\"ContentContainer\"><div role=\"tabpanel\" aria-labelledby=\"Pivot0-Tab0\"><div class=\"ts-lookup-pivot\"><div id=\"Lookup\" class=\"ts-pivot-lookup-component\"><div class=\"ms-Grid ts-grid\"><div class=\"ms-Grid-row\"><div class=\"ts-textfield-container \" lang=\"en\"><div class=\"ts-alignment-view-container\"><div id=\"ts-alignment-view-idtgt\" class=\"ts-alignment-view ms-font-m ts-alignment-view-tgt ts-ltr-left-zero\" tabindex=\"0\" aria-hidden=\"false\"><div tabindex=\"-1\" role=\"label\"><div id=\"ts-body\"><div class=\"css-44 ts-pivot-container\"><div id=\"ContentContainer\"><div><div><div role=\"tabpanel\" aria-labelledby=\"Pivot0-Tab0\"><div class=\"ts-lookup-pivot\"><div id=\"Lookup\" class=\"ts-pivot-lookup-component\"><div class=\"ms-Grid ts-grid\"><div class=\"ms-Grid-row\"><div class=\"ts-textfield-container \" lang=\"fr\"><div class=\"ts-alignment-view-container\"><div id=\"ts-alignment-view-idtgt\" class=\"ts-alignment-view  ms-font-m ts-alignment-view-tgt ts-ltr-left-zero\" tabindex=\"0\" aria-hidden=\"false\"><div tabindex=\"-1\" role=\"label\">Nous pr\u00e9sentons \u00e0 nouveau nos produits pour l\u2019industrie \u00e9lectronique, <strong>EVERTIQ_WARSAW 2023<\/strong>. C\u2019est la vitrine commerciale pour les professionnels de la conception et du d\u00e9veloppement \u00e9lectronique pour l\u2019Europe centrale et septentrionale.<\/div><div tabindex=\"-1\" role=\"label\">Nous vous donnons rendez-vous le <strong>26 octobre prochain au salon EVERTIQ, Varsovie, POLOGNE<\/strong>, o\u00f9 vous nous trouverez au<strong> stand 166<\/strong>. Si vous souhaitez prendre rendez-vous avec nous et en savoir plus sur <strong>EVERTIQ<\/strong>, cliquez sur ce lien<\/div><\/div><\/div><\/div><\/div><\/div><\/div><\/div><\/div><\/div><\/div><\/div><\/div><\/div><\/div><div tabindex=\"-1\" role=\"label\"><a href=\"https:\/\/evertiq.com\/expo\/waw2023_about\">https:\/\/evertiq.com\/expo\/waw2023_about<\/a><\/div><\/div><\/div><\/div><\/div><\/div><\/div><\/div><\/div><\/div><\/div><\/div><\/div><\/div><\/div><\/div><\/div><\/div><\/div><\/div><\/div><\/div><\/div><\/div>\t\t\t\t\t\t\t\t<\/div>\n\t\t\t\t<\/div>\n\t\t\t\t\t<\/div>\n\t\t<\/div>\n\t\t\t\t\t<\/div>\n\t\t<\/section>\n\t\t\t\t<section class=\"elementor-section elementor-top-section elementor-element elementor-element-3529bfa7 elementor-section-full_width elementor-section-height-default elementor-section-height-default\" data-id=\"3529bfa7\" data-element_type=\"section\" data-e-type=\"section\">\n\t\t\t\t\t\t<div class=\"elementor-container elementor-column-gap-default\">\n\t\t\t\t\t<header class=\"elementor-column elementor-col-66 elementor-top-column elementor-element elementor-element-7a378abd\" data-id=\"7a378abd\" data-element_type=\"column\" data-e-type=\"column\">\n\t\t\t<div class=\"elementor-widget-wrap\">\n\t\t\t\t\t\t\t<\/div>\n\t\t<\/header>\n\t\t\t\t<div class=\"elementor-column elementor-col-33 elementor-top-column elementor-element elementor-element-796cb39b\" data-id=\"796cb39b\" data-element_type=\"column\" data-e-type=\"column\">\n\t\t\t<div class=\"elementor-widget-wrap elementor-element-populated\">\n\t\t\t\t\t\t<div class=\"elementor-element elementor-element-72fd48b0 elementor-align-center elementor-widget elementor-widget-button\" data-id=\"72fd48b0\" data-element_type=\"widget\" data-e-type=\"widget\" data-widget_type=\"button.default\">\n\t\t\t\t<div class=\"elementor-widget-container\">\n\t\t\t\t\t\t\t\t\t<div class=\"elementor-button-wrapper\">\n\t\t\t\t\t<a class=\"elementor-button elementor-button-link elementor-size-sm\" href=\"https:\/\/broquetas.com\/en\/contact\/\">\n\t\t\t\t\t\t<span class=\"elementor-button-content-wrapper\">\n\t\t\t\t\t\t\t\t\t<span class=\"elementor-button-text\">CONTACT<\/span>\n\t\t\t\t\t<\/span>\n\t\t\t\t\t<\/a>\n\t\t\t\t<\/div>\n\t\t\t\t\t\t\t\t<\/div>\n\t\t\t\t<\/div>\n\t\t\t\t<div class=\"elementor-element elementor-element-4a315440 elementor-widget elementor-widget-heading\" data-id=\"4a315440\" data-element_type=\"widget\" data-e-type=\"widget\" data-widget_type=\"heading.default\">\n\t\t\t\t<div class=\"elementor-widget-container\">\n\t\t\t\t\t<h2 class=\"elementor-heading-title elementor-size-default\">\u00cates-vous int\u00e9ress\u00e9 par les mat\u00e9riaux de soudure&nbsp;?<\/h2>\t\t\t\t<\/div>\n\t\t\t\t<\/div>\n\t\t\t\t\t<\/div>\n\t\t<\/div>\n\t\t\t\t\t<\/div>\n\t\t<\/section>\n\t\t\t\t<\/div>\n\t\t","protected":false},"excerpt":{"rendered":"<p>Nous pr\u00e9sentons \u00e0 nouveau nos produits pour l\u2019industrie \u00e9lectronique, EVERTIQ_WARSAW 2023. C\u2019est la vitrine commerciale pour les professionnels de la conception et du d\u00e9veloppement \u00e9lectronique pour l\u2019Europe centrale et septentrionale.Nous vous donnons rendez-vous le 26 octobre prochain au salon EVERTIQ, Varsovie, POLOGNE, o\u00f9 vous nous trouverez au stand 166. Si vous souhaitez prendre rendez-vous avec [&hellip;]<\/p>\n","protected":false},"author":23,"featured_media":0,"comment_status":"closed","ping_status":"closed","sticky":false,"template":"","format":"standard","meta":{"_joinchat":[],"footnotes":""},"categories":[126,113],"tags":[],"class_list":["post-9524","post","type-post","status-publish","format-standard","hentry","category-news-fr","category-non-classifiee"],"yoast_head":"<!-- This site is optimized with the Yoast SEO plugin v26.9 - https:\/\/yoast.com\/product\/yoast-seo-wordpress\/ -->\n<title>NOUS SOMMES \u00c0 NOUVEAU PR\u00c9SENTS EN EVERTIQ_WARSAW 2023 - BROQUETAS, S.L.<\/title>\n<meta name=\"robots\" content=\"index, follow, max-snippet:-1, max-image-preview:large, max-video-preview:-1\" \/>\n<link rel=\"canonical\" href=\"https:\/\/broquetas.com\/fr\/nous-sommes-a-nouveau-presents-en-evertiq_warsaw-2023\/\" \/>\n<meta property=\"og:locale\" content=\"fr_FR\" \/>\n<meta property=\"og:type\" content=\"article\" \/>\n<meta property=\"og:title\" content=\"NOUS SOMMES \u00c0 NOUVEAU PR\u00c9SENTS EN EVERTIQ_WARSAW 2023 - BROQUETAS, S.L.\" \/>\n<meta property=\"og:description\" content=\"Nous pr\u00e9sentons \u00e0 nouveau nos produits pour l\u2019industrie \u00e9lectronique, EVERTIQ_WARSAW 2023. C\u2019est la vitrine commerciale pour les professionnels de la conception et du d\u00e9veloppement \u00e9lectronique pour l\u2019Europe centrale et septentrionale.Nous vous donnons rendez-vous le 26 octobre prochain au salon EVERTIQ, Varsovie, POLOGNE, o\u00f9 vous nous trouverez au stand 166. Si vous souhaitez prendre rendez-vous avec [&hellip;]\" \/>\n<meta property=\"og:url\" content=\"https:\/\/broquetas.com\/fr\/nous-sommes-a-nouveau-presents-en-evertiq_warsaw-2023\/\" \/>\n<meta property=\"og:site_name\" content=\"BROQUETAS, S.L.\" \/>\n<meta property=\"article:published_time\" content=\"2023-10-18T08:13:43+00:00\" \/>\n<meta property=\"article:modified_time\" content=\"2023-10-18T08:14:31+00:00\" \/>\n<meta property=\"og:image\" content=\"https:\/\/broquetas.com\/wp-content\/uploads\/2023\/10\/IMG_1371-1140x595.jpg\" \/>\n<meta name=\"author\" content=\"Sonia\" \/>\n<meta name=\"twitter:card\" content=\"summary_large_image\" \/>\n<meta name=\"twitter:label1\" content=\"\u00c9crit par\" \/>\n\t<meta name=\"twitter:data1\" content=\"Sonia\" \/>\n\t<meta name=\"twitter:label2\" content=\"Dur\u00e9e de lecture estim\u00e9e\" \/>\n\t<meta name=\"twitter:data2\" content=\"1 minute\" \/>\n<script type=\"application\/ld+json\" class=\"yoast-schema-graph\">{\"@context\":\"https:\/\/schema.org\",\"@graph\":[{\"@type\":\"Article\",\"@id\":\"https:\/\/broquetas.com\/fr\/nous-sommes-a-nouveau-presents-en-evertiq_warsaw-2023\/#article\",\"isPartOf\":{\"@id\":\"https:\/\/broquetas.com\/fr\/nous-sommes-a-nouveau-presents-en-evertiq_warsaw-2023\/\"},\"author\":{\"name\":\"Sonia\",\"@id\":\"https:\/\/broquetas.com\/#\/schema\/person\/46c71c539ab61ef68dc93d301ce68eef\"},\"headline\":\"NOUS SOMMES \u00c0 NOUVEAU PR\u00c9SENTS EN EVERTIQ_WARSAW 2023\",\"datePublished\":\"2023-10-18T08:13:43+00:00\",\"dateModified\":\"2023-10-18T08:14:31+00:00\",\"mainEntityOfPage\":{\"@id\":\"https:\/\/broquetas.com\/fr\/nous-sommes-a-nouveau-presents-en-evertiq_warsaw-2023\/\"},\"wordCount\":93,\"publisher\":{\"@id\":\"https:\/\/broquetas.com\/#organization\"},\"image\":{\"@id\":\"https:\/\/broquetas.com\/fr\/nous-sommes-a-nouveau-presents-en-evertiq_warsaw-2023\/#primaryimage\"},\"thumbnailUrl\":\"https:\/\/broquetas.com\/wp-content\/uploads\/2023\/10\/IMG_1371-1140x595.jpg\",\"articleSection\":[\"News\",\"Non classifi\u00e9(e)\"],\"inLanguage\":\"fr-FR\"},{\"@type\":\"WebPage\",\"@id\":\"https:\/\/broquetas.com\/fr\/nous-sommes-a-nouveau-presents-en-evertiq_warsaw-2023\/\",\"url\":\"https:\/\/broquetas.com\/fr\/nous-sommes-a-nouveau-presents-en-evertiq_warsaw-2023\/\",\"name\":\"NOUS SOMMES \u00c0 NOUVEAU PR\u00c9SENTS EN EVERTIQ_WARSAW 2023 - BROQUETAS, S.L.\",\"isPartOf\":{\"@id\":\"https:\/\/broquetas.com\/#website\"},\"primaryImageOfPage\":{\"@id\":\"https:\/\/broquetas.com\/fr\/nous-sommes-a-nouveau-presents-en-evertiq_warsaw-2023\/#primaryimage\"},\"image\":{\"@id\":\"https:\/\/broquetas.com\/fr\/nous-sommes-a-nouveau-presents-en-evertiq_warsaw-2023\/#primaryimage\"},\"thumbnailUrl\":\"https:\/\/broquetas.com\/wp-content\/uploads\/2023\/10\/IMG_1371-1140x595.jpg\",\"datePublished\":\"2023-10-18T08:13:43+00:00\",\"dateModified\":\"2023-10-18T08:14:31+00:00\",\"breadcrumb\":{\"@id\":\"https:\/\/broquetas.com\/fr\/nous-sommes-a-nouveau-presents-en-evertiq_warsaw-2023\/#breadcrumb\"},\"inLanguage\":\"fr-FR\",\"potentialAction\":[{\"@type\":\"ReadAction\",\"target\":[\"https:\/\/broquetas.com\/fr\/nous-sommes-a-nouveau-presents-en-evertiq_warsaw-2023\/\"]}]},{\"@type\":\"ImageObject\",\"inLanguage\":\"fr-FR\",\"@id\":\"https:\/\/broquetas.com\/fr\/nous-sommes-a-nouveau-presents-en-evertiq_warsaw-2023\/#primaryimage\",\"url\":\"https:\/\/broquetas.com\/wp-content\/uploads\/2023\/10\/IMG_1371-1140x595.jpg\",\"contentUrl\":\"https:\/\/broquetas.com\/wp-content\/uploads\/2023\/10\/IMG_1371-1140x595.jpg\"},{\"@type\":\"BreadcrumbList\",\"@id\":\"https:\/\/broquetas.com\/fr\/nous-sommes-a-nouveau-presents-en-evertiq_warsaw-2023\/#breadcrumb\",\"itemListElement\":[{\"@type\":\"ListItem\",\"position\":1,\"name\":\"Home\",\"item\":\"https:\/\/broquetas.com\/\"},{\"@type\":\"ListItem\",\"position\":2,\"name\":\"NOUS SOMMES \u00c0 NOUVEAU PR\u00c9SENTS EN EVERTIQ_WARSAW 2023\"}]},{\"@type\":\"WebSite\",\"@id\":\"https:\/\/broquetas.com\/#website\",\"url\":\"https:\/\/broquetas.com\/\",\"name\":\"BROQUETAS, S.L.\",\"description\":\"\",\"publisher\":{\"@id\":\"https:\/\/broquetas.com\/#organization\"},\"potentialAction\":[{\"@type\":\"SearchAction\",\"target\":{\"@type\":\"EntryPoint\",\"urlTemplate\":\"https:\/\/broquetas.com\/?s={search_term_string}\"},\"query-input\":{\"@type\":\"PropertyValueSpecification\",\"valueRequired\":true,\"valueName\":\"search_term_string\"}}],\"inLanguage\":\"fr-FR\"},{\"@type\":\"Organization\",\"@id\":\"https:\/\/broquetas.com\/#organization\",\"name\":\"BROQUETAS S.L.\",\"url\":\"https:\/\/broquetas.com\/\",\"logo\":{\"@type\":\"ImageObject\",\"inLanguage\":\"fr-FR\",\"@id\":\"https:\/\/broquetas.com\/#\/schema\/logo\/image\/\",\"url\":\"https:\/\/broquetas.com\/wp-content\/uploads\/2021\/08\/logo-broquetas-dark.png\",\"contentUrl\":\"https:\/\/broquetas.com\/wp-content\/uploads\/2021\/08\/logo-broquetas-dark.png\",\"width\":262,\"height\":150,\"caption\":\"BROQUETAS S.L.\"},\"image\":{\"@id\":\"https:\/\/broquetas.com\/#\/schema\/logo\/image\/\"},\"sameAs\":[\"https:\/\/www.linkedin.com\/in\/broquetas-s-l-broquetas-99a22283\/\",\"https:\/\/www.youtube.com\/channel\/UCDYxB3N3CMqWo9DA-oyiAdg\"]},{\"@type\":\"Person\",\"@id\":\"https:\/\/broquetas.com\/#\/schema\/person\/46c71c539ab61ef68dc93d301ce68eef\",\"name\":\"Sonia\",\"image\":{\"@type\":\"ImageObject\",\"inLanguage\":\"fr-FR\",\"@id\":\"https:\/\/broquetas.com\/#\/schema\/person\/image\/\",\"url\":\"https:\/\/secure.gravatar.com\/avatar\/9488b617977cf297a91217e6459fab3bba303b77184e1fa2045ac86ffb34189b?s=96&d=mm&r=g\",\"contentUrl\":\"https:\/\/secure.gravatar.com\/avatar\/9488b617977cf297a91217e6459fab3bba303b77184e1fa2045ac86ffb34189b?s=96&d=mm&r=g\",\"caption\":\"Sonia\"},\"url\":\"https:\/\/broquetas.com\/fr\/author\/sonia\/\"}]}<\/script>\n<!-- \/ Yoast SEO plugin. -->","yoast_head_json":{"title":"NOUS SOMMES \u00c0 NOUVEAU PR\u00c9SENTS EN EVERTIQ_WARSAW 2023 - BROQUETAS, S.L.","robots":{"index":"index","follow":"follow","max-snippet":"max-snippet:-1","max-image-preview":"max-image-preview:large","max-video-preview":"max-video-preview:-1"},"canonical":"https:\/\/broquetas.com\/fr\/nous-sommes-a-nouveau-presents-en-evertiq_warsaw-2023\/","og_locale":"fr_FR","og_type":"article","og_title":"NOUS SOMMES \u00c0 NOUVEAU PR\u00c9SENTS EN EVERTIQ_WARSAW 2023 - BROQUETAS, S.L.","og_description":"Nous pr\u00e9sentons \u00e0 nouveau nos produits pour l\u2019industrie \u00e9lectronique, EVERTIQ_WARSAW 2023. C\u2019est la vitrine commerciale pour les professionnels de la conception et du d\u00e9veloppement \u00e9lectronique pour l\u2019Europe centrale et septentrionale.Nous vous donnons rendez-vous le 26 octobre prochain au salon EVERTIQ, Varsovie, POLOGNE, o\u00f9 vous nous trouverez au stand 166. Si vous souhaitez prendre rendez-vous avec [&hellip;]","og_url":"https:\/\/broquetas.com\/fr\/nous-sommes-a-nouveau-presents-en-evertiq_warsaw-2023\/","og_site_name":"BROQUETAS, S.L.","article_published_time":"2023-10-18T08:13:43+00:00","article_modified_time":"2023-10-18T08:14:31+00:00","og_image":[{"url":"https:\/\/broquetas.com\/wp-content\/uploads\/2023\/10\/IMG_1371-1140x595.jpg","type":"","width":"","height":""}],"author":"Sonia","twitter_card":"summary_large_image","twitter_misc":{"\u00c9crit par":"Sonia","Dur\u00e9e de lecture estim\u00e9e":"1 minute"},"schema":{"@context":"https:\/\/schema.org","@graph":[{"@type":"Article","@id":"https:\/\/broquetas.com\/fr\/nous-sommes-a-nouveau-presents-en-evertiq_warsaw-2023\/#article","isPartOf":{"@id":"https:\/\/broquetas.com\/fr\/nous-sommes-a-nouveau-presents-en-evertiq_warsaw-2023\/"},"author":{"name":"Sonia","@id":"https:\/\/broquetas.com\/#\/schema\/person\/46c71c539ab61ef68dc93d301ce68eef"},"headline":"NOUS SOMMES \u00c0 NOUVEAU PR\u00c9SENTS EN EVERTIQ_WARSAW 2023","datePublished":"2023-10-18T08:13:43+00:00","dateModified":"2023-10-18T08:14:31+00:00","mainEntityOfPage":{"@id":"https:\/\/broquetas.com\/fr\/nous-sommes-a-nouveau-presents-en-evertiq_warsaw-2023\/"},"wordCount":93,"publisher":{"@id":"https:\/\/broquetas.com\/#organization"},"image":{"@id":"https:\/\/broquetas.com\/fr\/nous-sommes-a-nouveau-presents-en-evertiq_warsaw-2023\/#primaryimage"},"thumbnailUrl":"https:\/\/broquetas.com\/wp-content\/uploads\/2023\/10\/IMG_1371-1140x595.jpg","articleSection":["News","Non classifi\u00e9(e)"],"inLanguage":"fr-FR"},{"@type":"WebPage","@id":"https:\/\/broquetas.com\/fr\/nous-sommes-a-nouveau-presents-en-evertiq_warsaw-2023\/","url":"https:\/\/broquetas.com\/fr\/nous-sommes-a-nouveau-presents-en-evertiq_warsaw-2023\/","name":"NOUS SOMMES \u00c0 NOUVEAU PR\u00c9SENTS EN EVERTIQ_WARSAW 2023 - BROQUETAS, S.L.","isPartOf":{"@id":"https:\/\/broquetas.com\/#website"},"primaryImageOfPage":{"@id":"https:\/\/broquetas.com\/fr\/nous-sommes-a-nouveau-presents-en-evertiq_warsaw-2023\/#primaryimage"},"image":{"@id":"https:\/\/broquetas.com\/fr\/nous-sommes-a-nouveau-presents-en-evertiq_warsaw-2023\/#primaryimage"},"thumbnailUrl":"https:\/\/broquetas.com\/wp-content\/uploads\/2023\/10\/IMG_1371-1140x595.jpg","datePublished":"2023-10-18T08:13:43+00:00","dateModified":"2023-10-18T08:14:31+00:00","breadcrumb":{"@id":"https:\/\/broquetas.com\/fr\/nous-sommes-a-nouveau-presents-en-evertiq_warsaw-2023\/#breadcrumb"},"inLanguage":"fr-FR","potentialAction":[{"@type":"ReadAction","target":["https:\/\/broquetas.com\/fr\/nous-sommes-a-nouveau-presents-en-evertiq_warsaw-2023\/"]}]},{"@type":"ImageObject","inLanguage":"fr-FR","@id":"https:\/\/broquetas.com\/fr\/nous-sommes-a-nouveau-presents-en-evertiq_warsaw-2023\/#primaryimage","url":"https:\/\/broquetas.com\/wp-content\/uploads\/2023\/10\/IMG_1371-1140x595.jpg","contentUrl":"https:\/\/broquetas.com\/wp-content\/uploads\/2023\/10\/IMG_1371-1140x595.jpg"},{"@type":"BreadcrumbList","@id":"https:\/\/broquetas.com\/fr\/nous-sommes-a-nouveau-presents-en-evertiq_warsaw-2023\/#breadcrumb","itemListElement":[{"@type":"ListItem","position":1,"name":"Home","item":"https:\/\/broquetas.com\/"},{"@type":"ListItem","position":2,"name":"NOUS SOMMES \u00c0 NOUVEAU PR\u00c9SENTS EN EVERTIQ_WARSAW 2023"}]},{"@type":"WebSite","@id":"https:\/\/broquetas.com\/#website","url":"https:\/\/broquetas.com\/","name":"BROQUETAS, S.L.","description":"","publisher":{"@id":"https:\/\/broquetas.com\/#organization"},"potentialAction":[{"@type":"SearchAction","target":{"@type":"EntryPoint","urlTemplate":"https:\/\/broquetas.com\/?s={search_term_string}"},"query-input":{"@type":"PropertyValueSpecification","valueRequired":true,"valueName":"search_term_string"}}],"inLanguage":"fr-FR"},{"@type":"Organization","@id":"https:\/\/broquetas.com\/#organization","name":"BROQUETAS S.L.","url":"https:\/\/broquetas.com\/","logo":{"@type":"ImageObject","inLanguage":"fr-FR","@id":"https:\/\/broquetas.com\/#\/schema\/logo\/image\/","url":"https:\/\/broquetas.com\/wp-content\/uploads\/2021\/08\/logo-broquetas-dark.png","contentUrl":"https:\/\/broquetas.com\/wp-content\/uploads\/2021\/08\/logo-broquetas-dark.png","width":262,"height":150,"caption":"BROQUETAS S.L."},"image":{"@id":"https:\/\/broquetas.com\/#\/schema\/logo\/image\/"},"sameAs":["https:\/\/www.linkedin.com\/in\/broquetas-s-l-broquetas-99a22283\/","https:\/\/www.youtube.com\/channel\/UCDYxB3N3CMqWo9DA-oyiAdg"]},{"@type":"Person","@id":"https:\/\/broquetas.com\/#\/schema\/person\/46c71c539ab61ef68dc93d301ce68eef","name":"Sonia","image":{"@type":"ImageObject","inLanguage":"fr-FR","@id":"https:\/\/broquetas.com\/#\/schema\/person\/image\/","url":"https:\/\/secure.gravatar.com\/avatar\/9488b617977cf297a91217e6459fab3bba303b77184e1fa2045ac86ffb34189b?s=96&d=mm&r=g","contentUrl":"https:\/\/secure.gravatar.com\/avatar\/9488b617977cf297a91217e6459fab3bba303b77184e1fa2045ac86ffb34189b?s=96&d=mm&r=g","caption":"Sonia"},"url":"https:\/\/broquetas.com\/fr\/author\/sonia\/"}]}},"_links":{"self":[{"href":"https:\/\/broquetas.com\/fr\/wp-json\/wp\/v2\/posts\/9524","targetHints":{"allow":["GET"]}}],"collection":[{"href":"https:\/\/broquetas.com\/fr\/wp-json\/wp\/v2\/posts"}],"about":[{"href":"https:\/\/broquetas.com\/fr\/wp-json\/wp\/v2\/types\/post"}],"author":[{"embeddable":true,"href":"https:\/\/broquetas.com\/fr\/wp-json\/wp\/v2\/users\/23"}],"replies":[{"embeddable":true,"href":"https:\/\/broquetas.com\/fr\/wp-json\/wp\/v2\/comments?post=9524"}],"version-history":[{"count":14,"href":"https:\/\/broquetas.com\/fr\/wp-json\/wp\/v2\/posts\/9524\/revisions"}],"predecessor-version":[{"id":9541,"href":"https:\/\/broquetas.com\/fr\/wp-json\/wp\/v2\/posts\/9524\/revisions\/9541"}],"wp:attachment":[{"href":"https:\/\/broquetas.com\/fr\/wp-json\/wp\/v2\/media?parent=9524"}],"wp:term":[{"taxonomy":"category","embeddable":true,"href":"https:\/\/broquetas.com\/fr\/wp-json\/wp\/v2\/categories?post=9524"},{"taxonomy":"post_tag","embeddable":true,"href":"https:\/\/broquetas.com\/fr\/wp-json\/wp\/v2\/tags?post=9524"}],"curies":[{"name":"wp","href":"https:\/\/api.w.org\/{rel}","templated":true}]}}