{"id":10352,"date":"2026-02-20T14:07:31","date_gmt":"2026-02-20T13:07:31","guid":{"rendered":"https:\/\/broquetas.com\/?p=10352"},"modified":"2026-02-20T14:07:31","modified_gmt":"2026-02-20T13:07:31","slug":"salons-industriels-2026-broquetas","status":"publish","type":"post","link":"https:\/\/broquetas.com\/fr\/salons-industriels-2026-broquetas\/","title":{"rendered":"Broquetas sera pr\u00e9sent aux principaux \u00e9v\u00e9nements internationaux du secteur en 2026"},"content":{"rendered":"<article class=\"text-token-text-primary w-full focus:outline-none [--shadow-height:45px] has-data-writing-block:pointer-events-none has-data-writing-block:-mt-(--shadow-height) has-data-writing-block:pt-(--shadow-height) [&amp;:has([data-writing-block])&gt;*]:pointer-events-auto scroll-mt-[calc(var(--header-height)+min(200px,max(70px,20svh)))]\" dir=\"auto\" tabindex=\"-1\" data-turn-id=\"request-69033f41-e76c-8331-8ef6-163f28829786-6\" data-testid=\"conversation-turn-34\" data-scroll-anchor=\"true\" data-turn=\"assistant\">\n<div class=\"text-base my-auto mx-auto pb-10 [--thread-content-margin:--spacing(4)] @w-sm\/main:[--thread-content-margin:--spacing(6)] @w-lg\/main:[--thread-content-margin:--spacing(16)] px-(--thread-content-margin)\">\n<div class=\"[--thread-content-max-width:40rem] @w-lg\/main:[--thread-content-max-width:48rem] mx-auto max-w-(--thread-content-max-width) flex-1 group\/turn-messages focus-visible:outline-hidden relative flex w-full min-w-0 flex-col agent-turn\" tabindex=\"-1\">\n<div class=\"flex max-w-full flex-col grow\">\n<div class=\"min-h-8 text-message relative flex w-full flex-col items-end gap-2 text-start break-words whitespace-normal [.text-message+&amp;]:mt-1\" dir=\"auto\" data-message-author-role=\"assistant\" data-message-id=\"d9a03cd6-770d-4447-957d-3edb4d9d7591\" data-message-model-slug=\"gpt-5-2\">\n<div class=\"flex w-full flex-col gap-1 empty:hidden first:pt-[1px]\">\n<div class=\"markdown prose dark:prose-invert w-full wrap-break-word light markdown-new-styling\">\n<p data-start=\"302\" data-end=\"523\">En 2026, nous renforcerons notre <strong>pr\u00e9sence internationale<\/strong> en participant \u00e0 certains des \u00e9v\u00e9nements les plus importants dans les secteurs de l\u2019\u00e9lectronique, du CVC, de la construction et des solutions techniques de soudure.<\/p>\n<p data-start=\"525\" data-end=\"857\">Notre pr\u00e9sence sur des salons sp\u00e9cialis\u00e9s ne r\u00e9pond pas uniquement \u00e0 une strat\u00e9gie commerciale. Elle fait partie de notre <strong>mani\u00e8re de travailler :<\/strong> rester proches des installateurs, fabricants et distributeurs, comprendre les \u00e9volutions du march\u00e9 et pr\u00e9senter nos solutions techniques dans des environnements professionnels exigeants.<\/p>\n<p data-start=\"859\" data-end=\"939\">Vous trouverez ci-dessous les \u00e9v\u00e9nements auxquels Broquetas participera en 2026.<\/p>\n<h2 data-start=\"946\" data-end=\"995\">MCE Mostra Convegno Expocomfort 2026 \u00e0 Milan<\/h2>\n<p data-start=\"996\" data-end=\"1042\"><strong>Dates : du 24 au 27 mars 2026<\/strong><br data-start=\"1025\" data-end=\"1028\" \/><strong>Stand : 10 C21<\/strong><\/p>\n<p data-start=\"1044\" data-end=\"1120\">Le <a href=\"https:\/\/www.mcexpocomfort.it\/en-gb.html\">MCE<\/a> est l\u2019un des principaux salons europ\u00e9ens dans les domaines suivants :<\/p>\n<ul>\n<li data-start=\"1122\" data-end=\"1221\">CVC<\/li>\n<li data-start=\"1122\" data-end=\"1221\">Installations hydrauliques<\/li>\n<li data-start=\"1122\" data-end=\"1221\">\u00c9nergie et efficacit\u00e9 \u00e9nerg\u00e9tique<\/li>\n<li data-start=\"1122\" data-end=\"1221\">Solutions pour le b\u00e2timent<\/li>\n<\/ul>\n<p data-start=\"1223\" data-end=\"1343\">Le salon r\u00e9unit fabricants, distributeurs, bureaux d\u2019ing\u00e9nierie et installateurs de toute l\u2019<strong>Europe et d\u2019Afrique du Nord.<\/strong><\/p>\n<p data-start=\"1345\" data-end=\"1596\">Cet \u00e9v\u00e9nement repr\u00e9sente une opportunit\u00e9 cl\u00e9 pour <strong>pr\u00e9senter nos solutions de soudure<\/strong> destin\u00e9es aux installations sanitaires et aux syst\u00e8mes thermiques, dans un contexte o\u00f9 la qualit\u00e9 des mat\u00e9riaux est d\u00e9terminante pour la durabilit\u00e9 des installations.<\/p>\n<h2 data-start=\"1761\" data-end=\"1793\">InnoElectro 2026 \u00e0 Budapest<\/h2>\n<p data-start=\"1794\" data-end=\"1824\"><strong>Dates : du 21 au 23 avril 2026<\/strong><\/p>\n<p data-start=\"1826\" data-end=\"2018\"><a href=\"https:\/\/innoelectro.com\/en\/information\"><strong>InnoElectro<\/strong><\/a> est un salon sp\u00e9cialis\u00e9 dans l\u2019industrie \u00e9lectronique et la fabrication de PCB, r\u00e9unissant fabricants, ing\u00e9nieurs proc\u00e9d\u00e9s, responsables de production et fournisseurs de mat\u00e9riaux.<\/p>\n<p data-start=\"2020\" data-end=\"2079\">Il s\u2019agit d\u2019un \u00e9v\u00e9nement technique fortement orient\u00e9 vers :<\/p>\n<ul>\n<li data-start=\"2081\" data-end=\"2193\">La soudure \u00e9lectronique<\/li>\n<li data-start=\"2081\" data-end=\"2193\">Les proc\u00e9d\u00e9s SMT et THT<\/li>\n<li data-start=\"2081\" data-end=\"2193\">Les \u00e9quipements de fabrication<\/li>\n<li data-start=\"2081\" data-end=\"2193\">L\u2019innovation en mat\u00e9riaux<\/li>\n<\/ul>\n<p data-start=\"2195\" data-end=\"2406\">Pour Broquetas, InnoElectro constitue une <strong>plateforme strat\u00e9gique<\/strong> pour pr\u00e9senter nos alliages de soudure \u00e9lectronique, nos fils sans plomb, nos flux et nos solutions techniques destin\u00e9es aux fabricants europ\u00e9ens.<\/p>\n<p data-start=\"2408\" data-end=\"2548\">La participation \u00e0 ce type de salon sp\u00e9cialis\u00e9 consolide notre position de <strong>fabricant technique<\/strong> et non simplement de fournisseur de produits.<\/p>\n<h2 data-start=\"2555\" data-end=\"2587\">Batimatec Expo 2026 \u00e0 Alger<\/h2>\n<p data-start=\"2588\" data-end=\"2614\"><strong>Dates : du 3 au 7 mai 2026<\/strong><\/p>\n<p data-start=\"2616\" data-end=\"2761\"><a href=\"https:\/\/www.batimatecexpo.com\/\"><strong>Batimatec Expo<\/strong><\/a> est l\u2019un des principaux salons du secteur de la construction en Alg\u00e9rie, avec une forte participation d\u2019entreprises actives dans :<\/p>\n<ul>\n<li data-start=\"2763\" data-end=\"2849\">La construction<\/li>\n<li data-start=\"2763\" data-end=\"2849\">Les mat\u00e9riaux techniques<\/li>\n<li data-start=\"2763\" data-end=\"2849\">Les installations<\/li>\n<li data-start=\"2763\" data-end=\"2849\">Les infrastructures<\/li>\n<\/ul>\n<p data-start=\"2851\" data-end=\"3034\">Le march\u00e9 nord-africain poursuit son d\u00e9veloppement et requiert des <strong>solutions fiables<\/strong> pour les installations hydrauliques, les applications de couverture et les structures m\u00e9talliques.<\/p>\n<p data-start=\"3036\" data-end=\"3218\">Notre participation \u00e0 Batimatec Expo refl\u00e8te notre <strong>volont\u00e9 de renforcer notre pr\u00e9sence<\/strong> sur des march\u00e9s o\u00f9 la durabilit\u00e9 et la r\u00e9sistance des mat\u00e9riaux sont des crit\u00e8res d\u00e9terminants.<\/p>\n<h2 data-start=\"3225\" data-end=\"3258\">Evertiq Expo 2026 \u00e0 Varsovie<\/h2>\n<p data-start=\"3259\" data-end=\"3281\">Date : 22 octobre 2026<\/p>\n<p data-start=\"3283\" data-end=\"3393\"><a href=\"https:\/\/evertiq.com\/expo\/waw2026_exhibitors\"><strong>Evertiq Expo Warsaw <\/strong><\/a>est un \u00e9v\u00e9nement sp\u00e9cialis\u00e9 dans l\u2019industrie \u00e9lectronique en Europe centrale et orientale.<\/p>\n<p data-start=\"3395\" data-end=\"3406\">Il r\u00e9unit :<\/p>\n<ul>\n<li data-start=\"3408\" data-end=\"3518\">Fabricants EMS<\/li>\n<li data-start=\"3408\" data-end=\"3518\">Ing\u00e9nieurs \u00e9lectroniques<\/li>\n<li data-start=\"3408\" data-end=\"3518\">Responsables achats<\/li>\n<li data-start=\"3408\" data-end=\"3518\">Fournisseurs de composants et de mat\u00e9riaux<\/li>\n<\/ul>\n<p data-start=\"3520\" data-end=\"3684\">Notre pr\u00e9sence \u00e0 Evertiq Warsaw 2026 repr\u00e9sente une <strong>opportunit\u00e9<\/strong> de consolider notre activit\u00e9 sur le march\u00e9 polonais et de renforcer notre r\u00e9seau en <strong>Europe de l\u2019Est.<\/strong><\/p>\n<p data-start=\"3686\" data-end=\"3849\">Le<strong> secteur \u00e9lectronique<\/strong> dans cette r\u00e9gion conna\u00eet une croissance soutenue et exige des mat\u00e9riaux \u00e0 haut niveau technique, conformes \u00e0 la r\u00e9glementation europ\u00e9enne.<\/p>\n<h2 data-start=\"3856\" data-end=\"3909\">Une strat\u00e9gie de pr\u00e9sence internationale coh\u00e9rente<\/h2>\n<p data-start=\"3911\" data-end=\"3993\">La participation \u00e0 des salons internationaux s\u2019inscrit dans une strat\u00e9gie claire :<\/p>\n<ul>\n<li data-start=\"3995\" data-end=\"4203\">\u00catre pr\u00e9sents l\u00e0 o\u00f9 se trouvent nos clients<\/li>\n<li data-start=\"3995\" data-end=\"4203\">Pr\u00e9senter des solutions techniques dans des environnements professionnels<\/li>\n<li data-start=\"3995\" data-end=\"4203\">\u00c9couter les besoins r\u00e9els du march\u00e9<\/li>\n<li data-start=\"3995\" data-end=\"4203\">Renforcer notre position de fabricant europ\u00e9en<\/li>\n<\/ul>\n<p>Chez Broquetas, nous fabriquons \u00e0 <strong>Sant Andreu de la Barca (Barcelone)<\/strong> depuis 1930.<\/p>\n<p>Notre <strong>vocation internationale<\/strong> repose sur la combinaison d\u2019une production locale, d\u2019un savoir-faire technique et d\u2019une pr\u00e9sence directe sur les principaux \u00e9v\u00e9nements du secteur.<\/p>\n<h2 data-start=\"4471\" data-end=\"4545\">Souhaitez-vous nous rencontrer lors de l\u2019un de ces \u00e9v\u00e9nements en 2026 ?<\/h2>\n<p data-start=\"4547\" data-end=\"4743\">Si vous pr\u00e9voyez de participer \u00e0 l\u2019un de ces <strong>salons internationaux en 2026<\/strong>, nous serons ravis d\u2019organiser un rendez-vous afin de vous pr\u00e9senter nos solutions et d\u2019analyser vos besoins sp\u00e9cifiques.<\/p>\n<p data-start=\"4745\" data-end=\"4862\">Tout au long de l\u2019ann\u00e9e, nous partagerons davantage d\u2019informations concernant notre participation \u00e0 chaque \u00e9v\u00e9nement.<\/p>\n<\/div>\n<\/div>\n<\/div>\n<\/div>\n<\/div>\n<\/div>\n<\/article>\n","protected":false},"excerpt":{"rendered":"<p>En 2026, nous renforcerons notre pr\u00e9sence internationale en participant \u00e0 certains des \u00e9v\u00e9nements les plus importants dans les secteurs de l\u2019\u00e9lectronique, du CVC, de la construction et des solutions techniques de soudure. Notre pr\u00e9sence sur des salons sp\u00e9cialis\u00e9s ne r\u00e9pond pas uniquement \u00e0 une strat\u00e9gie commerciale. Elle fait partie de notre mani\u00e8re de travailler : [&hellip;]<\/p>\n","protected":false},"author":29,"featured_media":10345,"comment_status":"closed","ping_status":"closed","sticky":false,"template":"","format":"standard","meta":{"_joinchat":[],"footnotes":""},"categories":[113],"tags":[],"class_list":["post-10352","post","type-post","status-publish","format-standard","has-post-thumbnail","hentry","category-non-classifiee"],"yoast_head":"<!-- This site is optimized with the Yoast SEO plugin v26.9 - https:\/\/yoast.com\/product\/yoast-seo-wordpress\/ -->\n<title>Broquetas aux salons internationaux 2026 - BROQUETAS, S.L.<\/title>\n<meta name=\"description\" content=\"Broquetas participera au MCE Milan, InnoElectro Budapest, Batimatex Expo Alger et Evertiq Varsovie en 2026. D\u00e9couvrez o\u00f9 nous rencontrer.\" \/>\n<meta name=\"robots\" content=\"index, follow, max-snippet:-1, max-image-preview:large, max-video-preview:-1\" \/>\n<link rel=\"canonical\" href=\"https:\/\/broquetas.com\/fr\/salons-industriels-2026-broquetas\/\" \/>\n<meta property=\"og:locale\" content=\"fr_FR\" \/>\n<meta property=\"og:type\" content=\"article\" \/>\n<meta property=\"og:title\" content=\"Broquetas aux salons internationaux 2026 - BROQUETAS, S.L.\" \/>\n<meta property=\"og:description\" content=\"Broquetas participera au MCE Milan, InnoElectro Budapest, Batimatex Expo Alger et Evertiq Varsovie en 2026. D\u00e9couvrez o\u00f9 nous rencontrer.\" \/>\n<meta property=\"og:url\" content=\"https:\/\/broquetas.com\/fr\/salons-industriels-2026-broquetas\/\" \/>\n<meta property=\"og:site_name\" content=\"BROQUETAS, S.L.\" \/>\n<meta property=\"article:published_time\" content=\"2026-02-20T13:07:31+00:00\" \/>\n<meta property=\"og:image\" content=\"https:\/\/broquetas.com\/wp-content\/uploads\/2026\/02\/eventos-broquetas-2026.webp\" \/>\n\t<meta property=\"og:image:width\" content=\"1920\" \/>\n\t<meta property=\"og:image:height\" content=\"1080\" \/>\n\t<meta property=\"og:image:type\" content=\"image\/webp\" \/>\n<meta name=\"author\" content=\"Equipo Broquetas\" \/>\n<meta name=\"twitter:card\" content=\"summary_large_image\" \/>\n<meta name=\"twitter:label1\" content=\"\u00c9crit par\" \/>\n\t<meta name=\"twitter:data1\" content=\"Equipo Broquetas\" \/>\n\t<meta name=\"twitter:label2\" content=\"Dur\u00e9e de lecture estim\u00e9e\" \/>\n\t<meta name=\"twitter:data2\" content=\"3 minutes\" \/>\n<script type=\"application\/ld+json\" class=\"yoast-schema-graph\">{\"@context\":\"https:\/\/schema.org\",\"@graph\":[{\"@type\":\"Article\",\"@id\":\"https:\/\/broquetas.com\/fr\/salons-industriels-2026-broquetas\/#article\",\"isPartOf\":{\"@id\":\"https:\/\/broquetas.com\/fr\/salons-industriels-2026-broquetas\/\"},\"author\":{\"name\":\"Equipo Broquetas\",\"@id\":\"https:\/\/broquetas.com\/#\/schema\/person\/6b051f950a84ab5d6d9d516588d73916\"},\"headline\":\"Broquetas sera pr\u00e9sent aux principaux \u00e9v\u00e9nements internationaux du secteur en 2026\",\"datePublished\":\"2026-02-20T13:07:31+00:00\",\"mainEntityOfPage\":{\"@id\":\"https:\/\/broquetas.com\/fr\/salons-industriels-2026-broquetas\/\"},\"wordCount\":675,\"publisher\":{\"@id\":\"https:\/\/broquetas.com\/#organization\"},\"image\":{\"@id\":\"https:\/\/broquetas.com\/fr\/salons-industriels-2026-broquetas\/#primaryimage\"},\"thumbnailUrl\":\"https:\/\/broquetas.com\/wp-content\/uploads\/2026\/02\/eventos-broquetas-2026.webp\",\"articleSection\":[\"Non classifi\u00e9(e)\"],\"inLanguage\":\"fr-FR\"},{\"@type\":\"WebPage\",\"@id\":\"https:\/\/broquetas.com\/fr\/salons-industriels-2026-broquetas\/\",\"url\":\"https:\/\/broquetas.com\/fr\/salons-industriels-2026-broquetas\/\",\"name\":\"Broquetas aux salons internationaux 2026 - BROQUETAS, S.L.\",\"isPartOf\":{\"@id\":\"https:\/\/broquetas.com\/#website\"},\"primaryImageOfPage\":{\"@id\":\"https:\/\/broquetas.com\/fr\/salons-industriels-2026-broquetas\/#primaryimage\"},\"image\":{\"@id\":\"https:\/\/broquetas.com\/fr\/salons-industriels-2026-broquetas\/#primaryimage\"},\"thumbnailUrl\":\"https:\/\/broquetas.com\/wp-content\/uploads\/2026\/02\/eventos-broquetas-2026.webp\",\"datePublished\":\"2026-02-20T13:07:31+00:00\",\"description\":\"Broquetas participera au MCE Milan, InnoElectro Budapest, Batimatex Expo Alger et Evertiq Varsovie en 2026. D\u00e9couvrez o\u00f9 nous rencontrer.\",\"breadcrumb\":{\"@id\":\"https:\/\/broquetas.com\/fr\/salons-industriels-2026-broquetas\/#breadcrumb\"},\"inLanguage\":\"fr-FR\",\"potentialAction\":[{\"@type\":\"ReadAction\",\"target\":[\"https:\/\/broquetas.com\/fr\/salons-industriels-2026-broquetas\/\"]}]},{\"@type\":\"ImageObject\",\"inLanguage\":\"fr-FR\",\"@id\":\"https:\/\/broquetas.com\/fr\/salons-industriels-2026-broquetas\/#primaryimage\",\"url\":\"https:\/\/broquetas.com\/wp-content\/uploads\/2026\/02\/eventos-broquetas-2026.webp\",\"contentUrl\":\"https:\/\/broquetas.com\/wp-content\/uploads\/2026\/02\/eventos-broquetas-2026.webp\",\"width\":1920,\"height\":1080,\"caption\":\"Eventos Broquetas 2026\"},{\"@type\":\"BreadcrumbList\",\"@id\":\"https:\/\/broquetas.com\/fr\/salons-industriels-2026-broquetas\/#breadcrumb\",\"itemListElement\":[{\"@type\":\"ListItem\",\"position\":1,\"name\":\"Home\",\"item\":\"https:\/\/broquetas.com\/\"},{\"@type\":\"ListItem\",\"position\":2,\"name\":\"Broquetas sera pr\u00e9sent aux principaux \u00e9v\u00e9nements internationaux du secteur en 2026\"}]},{\"@type\":\"WebSite\",\"@id\":\"https:\/\/broquetas.com\/#website\",\"url\":\"https:\/\/broquetas.com\/\",\"name\":\"BROQUETAS, S.L.\",\"description\":\"\",\"publisher\":{\"@id\":\"https:\/\/broquetas.com\/#organization\"},\"potentialAction\":[{\"@type\":\"SearchAction\",\"target\":{\"@type\":\"EntryPoint\",\"urlTemplate\":\"https:\/\/broquetas.com\/?s={search_term_string}\"},\"query-input\":{\"@type\":\"PropertyValueSpecification\",\"valueRequired\":true,\"valueName\":\"search_term_string\"}}],\"inLanguage\":\"fr-FR\"},{\"@type\":\"Organization\",\"@id\":\"https:\/\/broquetas.com\/#organization\",\"name\":\"BROQUETAS S.L.\",\"url\":\"https:\/\/broquetas.com\/\",\"logo\":{\"@type\":\"ImageObject\",\"inLanguage\":\"fr-FR\",\"@id\":\"https:\/\/broquetas.com\/#\/schema\/logo\/image\/\",\"url\":\"https:\/\/broquetas.com\/wp-content\/uploads\/2021\/08\/logo-broquetas-dark.png\",\"contentUrl\":\"https:\/\/broquetas.com\/wp-content\/uploads\/2021\/08\/logo-broquetas-dark.png\",\"width\":262,\"height\":150,\"caption\":\"BROQUETAS S.L.\"},\"image\":{\"@id\":\"https:\/\/broquetas.com\/#\/schema\/logo\/image\/\"},\"sameAs\":[\"https:\/\/www.linkedin.com\/in\/broquetas-s-l-broquetas-99a22283\/\",\"https:\/\/www.youtube.com\/channel\/UCDYxB3N3CMqWo9DA-oyiAdg\"]},{\"@type\":\"Person\",\"@id\":\"https:\/\/broquetas.com\/#\/schema\/person\/6b051f950a84ab5d6d9d516588d73916\",\"name\":\"Equipo Broquetas\",\"image\":{\"@type\":\"ImageObject\",\"inLanguage\":\"fr-FR\",\"@id\":\"https:\/\/broquetas.com\/#\/schema\/person\/image\/\",\"url\":\"https:\/\/secure.gravatar.com\/avatar\/a76b37caac985cbb28e6dc967b1624a0dfb1eb33adaa9dd522bb7fe6d339b859?s=96&d=mm&r=g\",\"contentUrl\":\"https:\/\/secure.gravatar.com\/avatar\/a76b37caac985cbb28e6dc967b1624a0dfb1eb33adaa9dd522bb7fe6d339b859?s=96&d=mm&r=g\",\"caption\":\"Equipo Broquetas\"},\"url\":\"https:\/\/broquetas.com\/fr\/author\/equipo-broquetas\/\"}]}<\/script>\n<!-- \/ Yoast SEO plugin. -->","yoast_head_json":{"title":"Broquetas aux salons internationaux 2026 - BROQUETAS, S.L.","description":"Broquetas participera au MCE Milan, InnoElectro Budapest, Batimatex Expo Alger et Evertiq Varsovie en 2026. D\u00e9couvrez o\u00f9 nous rencontrer.","robots":{"index":"index","follow":"follow","max-snippet":"max-snippet:-1","max-image-preview":"max-image-preview:large","max-video-preview":"max-video-preview:-1"},"canonical":"https:\/\/broquetas.com\/fr\/salons-industriels-2026-broquetas\/","og_locale":"fr_FR","og_type":"article","og_title":"Broquetas aux salons internationaux 2026 - BROQUETAS, S.L.","og_description":"Broquetas participera au MCE Milan, InnoElectro Budapest, Batimatex Expo Alger et Evertiq Varsovie en 2026. D\u00e9couvrez o\u00f9 nous rencontrer.","og_url":"https:\/\/broquetas.com\/fr\/salons-industriels-2026-broquetas\/","og_site_name":"BROQUETAS, S.L.","article_published_time":"2026-02-20T13:07:31+00:00","og_image":[{"width":1920,"height":1080,"url":"https:\/\/broquetas.com\/wp-content\/uploads\/2026\/02\/eventos-broquetas-2026.webp","type":"image\/webp"}],"author":"Equipo Broquetas","twitter_card":"summary_large_image","twitter_misc":{"\u00c9crit par":"Equipo Broquetas","Dur\u00e9e de lecture estim\u00e9e":"3 minutes"},"schema":{"@context":"https:\/\/schema.org","@graph":[{"@type":"Article","@id":"https:\/\/broquetas.com\/fr\/salons-industriels-2026-broquetas\/#article","isPartOf":{"@id":"https:\/\/broquetas.com\/fr\/salons-industriels-2026-broquetas\/"},"author":{"name":"Equipo Broquetas","@id":"https:\/\/broquetas.com\/#\/schema\/person\/6b051f950a84ab5d6d9d516588d73916"},"headline":"Broquetas sera pr\u00e9sent aux principaux \u00e9v\u00e9nements internationaux du secteur en 2026","datePublished":"2026-02-20T13:07:31+00:00","mainEntityOfPage":{"@id":"https:\/\/broquetas.com\/fr\/salons-industriels-2026-broquetas\/"},"wordCount":675,"publisher":{"@id":"https:\/\/broquetas.com\/#organization"},"image":{"@id":"https:\/\/broquetas.com\/fr\/salons-industriels-2026-broquetas\/#primaryimage"},"thumbnailUrl":"https:\/\/broquetas.com\/wp-content\/uploads\/2026\/02\/eventos-broquetas-2026.webp","articleSection":["Non classifi\u00e9(e)"],"inLanguage":"fr-FR"},{"@type":"WebPage","@id":"https:\/\/broquetas.com\/fr\/salons-industriels-2026-broquetas\/","url":"https:\/\/broquetas.com\/fr\/salons-industriels-2026-broquetas\/","name":"Broquetas aux salons internationaux 2026 - BROQUETAS, S.L.","isPartOf":{"@id":"https:\/\/broquetas.com\/#website"},"primaryImageOfPage":{"@id":"https:\/\/broquetas.com\/fr\/salons-industriels-2026-broquetas\/#primaryimage"},"image":{"@id":"https:\/\/broquetas.com\/fr\/salons-industriels-2026-broquetas\/#primaryimage"},"thumbnailUrl":"https:\/\/broquetas.com\/wp-content\/uploads\/2026\/02\/eventos-broquetas-2026.webp","datePublished":"2026-02-20T13:07:31+00:00","description":"Broquetas participera au MCE Milan, InnoElectro Budapest, Batimatex Expo Alger et Evertiq Varsovie en 2026. D\u00e9couvrez o\u00f9 nous rencontrer.","breadcrumb":{"@id":"https:\/\/broquetas.com\/fr\/salons-industriels-2026-broquetas\/#breadcrumb"},"inLanguage":"fr-FR","potentialAction":[{"@type":"ReadAction","target":["https:\/\/broquetas.com\/fr\/salons-industriels-2026-broquetas\/"]}]},{"@type":"ImageObject","inLanguage":"fr-FR","@id":"https:\/\/broquetas.com\/fr\/salons-industriels-2026-broquetas\/#primaryimage","url":"https:\/\/broquetas.com\/wp-content\/uploads\/2026\/02\/eventos-broquetas-2026.webp","contentUrl":"https:\/\/broquetas.com\/wp-content\/uploads\/2026\/02\/eventos-broquetas-2026.webp","width":1920,"height":1080,"caption":"Eventos Broquetas 2026"},{"@type":"BreadcrumbList","@id":"https:\/\/broquetas.com\/fr\/salons-industriels-2026-broquetas\/#breadcrumb","itemListElement":[{"@type":"ListItem","position":1,"name":"Home","item":"https:\/\/broquetas.com\/"},{"@type":"ListItem","position":2,"name":"Broquetas sera pr\u00e9sent aux principaux \u00e9v\u00e9nements internationaux du secteur en 2026"}]},{"@type":"WebSite","@id":"https:\/\/broquetas.com\/#website","url":"https:\/\/broquetas.com\/","name":"BROQUETAS, S.L.","description":"","publisher":{"@id":"https:\/\/broquetas.com\/#organization"},"potentialAction":[{"@type":"SearchAction","target":{"@type":"EntryPoint","urlTemplate":"https:\/\/broquetas.com\/?s={search_term_string}"},"query-input":{"@type":"PropertyValueSpecification","valueRequired":true,"valueName":"search_term_string"}}],"inLanguage":"fr-FR"},{"@type":"Organization","@id":"https:\/\/broquetas.com\/#organization","name":"BROQUETAS S.L.","url":"https:\/\/broquetas.com\/","logo":{"@type":"ImageObject","inLanguage":"fr-FR","@id":"https:\/\/broquetas.com\/#\/schema\/logo\/image\/","url":"https:\/\/broquetas.com\/wp-content\/uploads\/2021\/08\/logo-broquetas-dark.png","contentUrl":"https:\/\/broquetas.com\/wp-content\/uploads\/2021\/08\/logo-broquetas-dark.png","width":262,"height":150,"caption":"BROQUETAS S.L."},"image":{"@id":"https:\/\/broquetas.com\/#\/schema\/logo\/image\/"},"sameAs":["https:\/\/www.linkedin.com\/in\/broquetas-s-l-broquetas-99a22283\/","https:\/\/www.youtube.com\/channel\/UCDYxB3N3CMqWo9DA-oyiAdg"]},{"@type":"Person","@id":"https:\/\/broquetas.com\/#\/schema\/person\/6b051f950a84ab5d6d9d516588d73916","name":"Equipo Broquetas","image":{"@type":"ImageObject","inLanguage":"fr-FR","@id":"https:\/\/broquetas.com\/#\/schema\/person\/image\/","url":"https:\/\/secure.gravatar.com\/avatar\/a76b37caac985cbb28e6dc967b1624a0dfb1eb33adaa9dd522bb7fe6d339b859?s=96&d=mm&r=g","contentUrl":"https:\/\/secure.gravatar.com\/avatar\/a76b37caac985cbb28e6dc967b1624a0dfb1eb33adaa9dd522bb7fe6d339b859?s=96&d=mm&r=g","caption":"Equipo Broquetas"},"url":"https:\/\/broquetas.com\/fr\/author\/equipo-broquetas\/"}]}},"_links":{"self":[{"href":"https:\/\/broquetas.com\/fr\/wp-json\/wp\/v2\/posts\/10352","targetHints":{"allow":["GET"]}}],"collection":[{"href":"https:\/\/broquetas.com\/fr\/wp-json\/wp\/v2\/posts"}],"about":[{"href":"https:\/\/broquetas.com\/fr\/wp-json\/wp\/v2\/types\/post"}],"author":[{"embeddable":true,"href":"https:\/\/broquetas.com\/fr\/wp-json\/wp\/v2\/users\/29"}],"replies":[{"embeddable":true,"href":"https:\/\/broquetas.com\/fr\/wp-json\/wp\/v2\/comments?post=10352"}],"version-history":[{"count":1,"href":"https:\/\/broquetas.com\/fr\/wp-json\/wp\/v2\/posts\/10352\/revisions"}],"predecessor-version":[{"id":10353,"href":"https:\/\/broquetas.com\/fr\/wp-json\/wp\/v2\/posts\/10352\/revisions\/10353"}],"wp:featuredmedia":[{"embeddable":true,"href":"https:\/\/broquetas.com\/fr\/wp-json\/wp\/v2\/media\/10345"}],"wp:attachment":[{"href":"https:\/\/broquetas.com\/fr\/wp-json\/wp\/v2\/media?parent=10352"}],"wp:term":[{"taxonomy":"category","embeddable":true,"href":"https:\/\/broquetas.com\/fr\/wp-json\/wp\/v2\/categories?post=10352"},{"taxonomy":"post_tag","embeddable":true,"href":"https:\/\/broquetas.com\/fr\/wp-json\/wp\/v2\/tags?post=10352"}],"curies":[{"name":"wp","href":"https:\/\/api.w.org\/{rel}","templated":true}]}}