{"id":10317,"date":"2025-12-09T14:44:24","date_gmt":"2025-12-09T13:44:24","guid":{"rendered":"https:\/\/broquetas.com\/?p=10317"},"modified":"2025-12-09T14:44:24","modified_gmt":"2025-12-09T13:44:24","slug":"broquetas-renforce-son-expansion-internationale-grace-a-sa-participation-a-productronica-2025-et-au-soutien-daccio","status":"publish","type":"post","link":"https:\/\/broquetas.com\/fr\/broquetas-renforce-son-expansion-internationale-grace-a-sa-participation-a-productronica-2025-et-au-soutien-daccio\/","title":{"rendered":"Broquetas renforce son expansion internationale gr\u00e2ce \u00e0 sa participation \u00e0 Productronica 2025 et au soutien d\u2019ACCI\u00d3"},"content":{"rendered":"<p data-start=\"210\" data-end=\"691\">La participation de Broquetas \u00e0 <strong data-start=\"242\" data-end=\"264\">Productronica 2025<\/strong>, le salon mondial de r\u00e9f\u00e9rence pour l\u2019industrie \u00e9lectronique, repr\u00e9sente une nouvelle \u00e9tape importante dans notre strat\u00e9gie d\u2019internationalisation. Cet \u00e9v\u00e9nement, organis\u00e9 tous les deux ans \u00e0 Munich, r\u00e9unit les principaux fabricants, distributeurs, bureaux d\u2019ing\u00e9nierie et d\u00e9cideurs du secteur, constituant une plateforme essentielle pour \u00e9tablir des partenariats et pr\u00e9senter nos innovations \u00e0 un public hautement sp\u00e9cialis\u00e9.<\/p>\n<p data-start=\"693\" data-end=\"1166\">Gr\u00e2ce au <strong data-start=\"702\" data-end=\"721\">soutien d\u2019ACCI\u00d3<\/strong>, l\u2019agence pour la comp\u00e9titivit\u00e9 des entreprises de la Generalitat de Catalogne, notre pr\u00e9sence sur ce salon international a \u00e9t\u00e9 renforc\u00e9e de mani\u00e8re significative. Cet accompagnement nous a permis d\u2019accro\u00eetre la visibilit\u00e9 de Broquetas, de consolider des relations avec des clients internationaux et d\u2019explorer de nouvelles opportunit\u00e9s sur des march\u00e9s o\u00f9 la demande en solutions de brasage et en alliages \u00e0 base d\u2019\u00e9tain continue de progresser.<\/p>\n<p data-start=\"1168\" data-end=\"1627\">Pendant toute la dur\u00e9e du salon, l\u2019\u00e9quipe de Broquetas a tenu de nombreuses r\u00e9unions avec des fabricants et des professionnels du secteur \u00e9lectronique int\u00e9ress\u00e9s par nos solutions, reconnues pour leur fiabilit\u00e9, leur qualit\u00e9 et leurs performances techniques. Ce contact direct avec le march\u00e9 nous permet d\u2019identifier de nouveaux besoins, des tendances \u00e9mergentes et des axes d\u2019innovation qui orienteront notre d\u00e9veloppement produit dans les prochaines ann\u00e9es.<\/p>\n<p data-start=\"1629\" data-end=\"2006\">Nous remercions ACCI\u00d3 pour son engagement constant et son soutien \u00e0 la projection internationale des entreprises catalanes. Nous poursuivons notre d\u00e9marche avec d\u00e9termination afin d\u2019amener l\u2019innovation de Broquetas vers de nouveaux march\u00e9s et de fournir \u00e0 nos clients internationaux des solutions techniques conformes aux exigences les plus \u00e9lev\u00e9es de l\u2019industrie \u00e9lectronique.<\/p>\n","protected":false},"excerpt":{"rendered":"<p>La participation de Broquetas \u00e0 Productronica 2025, le salon mondial de r\u00e9f\u00e9rence pour l\u2019industrie \u00e9lectronique, repr\u00e9sente une nouvelle \u00e9tape importante dans notre strat\u00e9gie d\u2019internationalisation. Cet \u00e9v\u00e9nement, organis\u00e9 tous les deux ans \u00e0 Munich, r\u00e9unit les principaux fabricants, distributeurs, bureaux d\u2019ing\u00e9nierie et d\u00e9cideurs du secteur, constituant une plateforme essentielle pour \u00e9tablir des partenariats et pr\u00e9senter nos [&hellip;]<\/p>\n","protected":false},"author":23,"featured_media":10311,"comment_status":"closed","ping_status":"closed","sticky":false,"template":"","format":"standard","meta":{"_joinchat":[],"footnotes":""},"categories":[126],"tags":[],"class_list":["post-10317","post","type-post","status-publish","format-standard","has-post-thumbnail","hentry","category-news-fr"],"yoast_head":"<!-- This site is optimized with the Yoast SEO plugin v26.9 - https:\/\/yoast.com\/product\/yoast-seo-wordpress\/ -->\n<title>Broquetas renforce son expansion internationale gr\u00e2ce \u00e0 sa participation \u00e0 Productronica 2025 et au soutien d\u2019ACCI\u00d3 - BROQUETAS, S.L.<\/title>\n<meta name=\"robots\" content=\"index, follow, max-snippet:-1, max-image-preview:large, max-video-preview:-1\" \/>\n<link rel=\"canonical\" href=\"https:\/\/broquetas.com\/fr\/broquetas-renforce-son-expansion-internationale-grace-a-sa-participation-a-productronica-2025-et-au-soutien-daccio\/\" \/>\n<meta property=\"og:locale\" content=\"fr_FR\" \/>\n<meta property=\"og:type\" content=\"article\" \/>\n<meta property=\"og:title\" content=\"Broquetas renforce son expansion internationale gr\u00e2ce \u00e0 sa participation \u00e0 Productronica 2025 et au soutien d\u2019ACCI\u00d3 - BROQUETAS, S.L.\" \/>\n<meta property=\"og:description\" content=\"La participation de Broquetas \u00e0 Productronica 2025, le salon mondial de r\u00e9f\u00e9rence pour l\u2019industrie \u00e9lectronique, repr\u00e9sente une nouvelle \u00e9tape importante dans notre strat\u00e9gie d\u2019internationalisation. Cet \u00e9v\u00e9nement, organis\u00e9 tous les deux ans \u00e0 Munich, r\u00e9unit les principaux fabricants, distributeurs, bureaux d\u2019ing\u00e9nierie et d\u00e9cideurs du secteur, constituant une plateforme essentielle pour \u00e9tablir des partenariats et pr\u00e9senter nos [&hellip;]\" \/>\n<meta property=\"og:url\" content=\"https:\/\/broquetas.com\/fr\/broquetas-renforce-son-expansion-internationale-grace-a-sa-participation-a-productronica-2025-et-au-soutien-daccio\/\" \/>\n<meta property=\"og:site_name\" content=\"BROQUETAS, S.L.\" \/>\n<meta property=\"article:published_time\" content=\"2025-12-09T13:44:24+00:00\" \/>\n<meta property=\"og:image\" content=\"https:\/\/broquetas.com\/wp-content\/uploads\/2025\/12\/1764870227019.jpeg\" \/>\n\t<meta property=\"og:image:width\" content=\"1080\" \/>\n\t<meta property=\"og:image:height\" content=\"1080\" \/>\n\t<meta property=\"og:image:type\" content=\"image\/jpeg\" \/>\n<meta name=\"author\" content=\"Sonia\" \/>\n<meta name=\"twitter:card\" content=\"summary_large_image\" \/>\n<meta name=\"twitter:label1\" content=\"\u00c9crit par\" \/>\n\t<meta name=\"twitter:data1\" content=\"Sonia\" \/>\n\t<meta name=\"twitter:label2\" content=\"Dur\u00e9e de lecture estim\u00e9e\" \/>\n\t<meta name=\"twitter:data2\" content=\"2 minutes\" \/>\n<script type=\"application\/ld+json\" class=\"yoast-schema-graph\">{\"@context\":\"https:\/\/schema.org\",\"@graph\":[{\"@type\":\"Article\",\"@id\":\"https:\/\/broquetas.com\/fr\/broquetas-renforce-son-expansion-internationale-grace-a-sa-participation-a-productronica-2025-et-au-soutien-daccio\/#article\",\"isPartOf\":{\"@id\":\"https:\/\/broquetas.com\/fr\/broquetas-renforce-son-expansion-internationale-grace-a-sa-participation-a-productronica-2025-et-au-soutien-daccio\/\"},\"author\":{\"name\":\"Sonia\",\"@id\":\"https:\/\/broquetas.com\/#\/schema\/person\/46c71c539ab61ef68dc93d301ce68eef\"},\"headline\":\"Broquetas renforce son expansion internationale gr\u00e2ce \u00e0 sa participation \u00e0 Productronica 2025 et au soutien d\u2019ACCI\u00d3\",\"datePublished\":\"2025-12-09T13:44:24+00:00\",\"mainEntityOfPage\":{\"@id\":\"https:\/\/broquetas.com\/fr\/broquetas-renforce-son-expansion-internationale-grace-a-sa-participation-a-productronica-2025-et-au-soutien-daccio\/\"},\"wordCount\":296,\"publisher\":{\"@id\":\"https:\/\/broquetas.com\/#organization\"},\"image\":{\"@id\":\"https:\/\/broquetas.com\/fr\/broquetas-renforce-son-expansion-internationale-grace-a-sa-participation-a-productronica-2025-et-au-soutien-daccio\/#primaryimage\"},\"thumbnailUrl\":\"https:\/\/broquetas.com\/wp-content\/uploads\/2025\/12\/1764870227019.jpeg\",\"articleSection\":[\"News\"],\"inLanguage\":\"fr-FR\"},{\"@type\":\"WebPage\",\"@id\":\"https:\/\/broquetas.com\/fr\/broquetas-renforce-son-expansion-internationale-grace-a-sa-participation-a-productronica-2025-et-au-soutien-daccio\/\",\"url\":\"https:\/\/broquetas.com\/fr\/broquetas-renforce-son-expansion-internationale-grace-a-sa-participation-a-productronica-2025-et-au-soutien-daccio\/\",\"name\":\"Broquetas renforce son expansion internationale gr\u00e2ce \u00e0 sa participation \u00e0 Productronica 2025 et au soutien d\u2019ACCI\u00d3 - BROQUETAS, S.L.\",\"isPartOf\":{\"@id\":\"https:\/\/broquetas.com\/#website\"},\"primaryImageOfPage\":{\"@id\":\"https:\/\/broquetas.com\/fr\/broquetas-renforce-son-expansion-internationale-grace-a-sa-participation-a-productronica-2025-et-au-soutien-daccio\/#primaryimage\"},\"image\":{\"@id\":\"https:\/\/broquetas.com\/fr\/broquetas-renforce-son-expansion-internationale-grace-a-sa-participation-a-productronica-2025-et-au-soutien-daccio\/#primaryimage\"},\"thumbnailUrl\":\"https:\/\/broquetas.com\/wp-content\/uploads\/2025\/12\/1764870227019.jpeg\",\"datePublished\":\"2025-12-09T13:44:24+00:00\",\"breadcrumb\":{\"@id\":\"https:\/\/broquetas.com\/fr\/broquetas-renforce-son-expansion-internationale-grace-a-sa-participation-a-productronica-2025-et-au-soutien-daccio\/#breadcrumb\"},\"inLanguage\":\"fr-FR\",\"potentialAction\":[{\"@type\":\"ReadAction\",\"target\":[\"https:\/\/broquetas.com\/fr\/broquetas-renforce-son-expansion-internationale-grace-a-sa-participation-a-productronica-2025-et-au-soutien-daccio\/\"]}]},{\"@type\":\"ImageObject\",\"inLanguage\":\"fr-FR\",\"@id\":\"https:\/\/broquetas.com\/fr\/broquetas-renforce-son-expansion-internationale-grace-a-sa-participation-a-productronica-2025-et-au-soutien-daccio\/#primaryimage\",\"url\":\"https:\/\/broquetas.com\/wp-content\/uploads\/2025\/12\/1764870227019.jpeg\",\"contentUrl\":\"https:\/\/broquetas.com\/wp-content\/uploads\/2025\/12\/1764870227019.jpeg\",\"width\":1080,\"height\":1080,\"caption\":\"Internacionalizaci\u00f3n con el apoyo de ACCI\u00d3\"},{\"@type\":\"BreadcrumbList\",\"@id\":\"https:\/\/broquetas.com\/fr\/broquetas-renforce-son-expansion-internationale-grace-a-sa-participation-a-productronica-2025-et-au-soutien-daccio\/#breadcrumb\",\"itemListElement\":[{\"@type\":\"ListItem\",\"position\":1,\"name\":\"Home\",\"item\":\"https:\/\/broquetas.com\/\"},{\"@type\":\"ListItem\",\"position\":2,\"name\":\"Broquetas renforce son expansion internationale gr\u00e2ce \u00e0 sa participation \u00e0 Productronica 2025 et au soutien d\u2019ACCI\u00d3\"}]},{\"@type\":\"WebSite\",\"@id\":\"https:\/\/broquetas.com\/#website\",\"url\":\"https:\/\/broquetas.com\/\",\"name\":\"BROQUETAS, S.L.\",\"description\":\"\",\"publisher\":{\"@id\":\"https:\/\/broquetas.com\/#organization\"},\"potentialAction\":[{\"@type\":\"SearchAction\",\"target\":{\"@type\":\"EntryPoint\",\"urlTemplate\":\"https:\/\/broquetas.com\/?s={search_term_string}\"},\"query-input\":{\"@type\":\"PropertyValueSpecification\",\"valueRequired\":true,\"valueName\":\"search_term_string\"}}],\"inLanguage\":\"fr-FR\"},{\"@type\":\"Organization\",\"@id\":\"https:\/\/broquetas.com\/#organization\",\"name\":\"BROQUETAS S.L.\",\"url\":\"https:\/\/broquetas.com\/\",\"logo\":{\"@type\":\"ImageObject\",\"inLanguage\":\"fr-FR\",\"@id\":\"https:\/\/broquetas.com\/#\/schema\/logo\/image\/\",\"url\":\"https:\/\/broquetas.com\/wp-content\/uploads\/2021\/08\/logo-broquetas-dark.png\",\"contentUrl\":\"https:\/\/broquetas.com\/wp-content\/uploads\/2021\/08\/logo-broquetas-dark.png\",\"width\":262,\"height\":150,\"caption\":\"BROQUETAS S.L.\"},\"image\":{\"@id\":\"https:\/\/broquetas.com\/#\/schema\/logo\/image\/\"},\"sameAs\":[\"https:\/\/www.linkedin.com\/in\/broquetas-s-l-broquetas-99a22283\/\",\"https:\/\/www.youtube.com\/channel\/UCDYxB3N3CMqWo9DA-oyiAdg\"]},{\"@type\":\"Person\",\"@id\":\"https:\/\/broquetas.com\/#\/schema\/person\/46c71c539ab61ef68dc93d301ce68eef\",\"name\":\"Sonia\",\"image\":{\"@type\":\"ImageObject\",\"inLanguage\":\"fr-FR\",\"@id\":\"https:\/\/broquetas.com\/#\/schema\/person\/image\/\",\"url\":\"https:\/\/secure.gravatar.com\/avatar\/9488b617977cf297a91217e6459fab3bba303b77184e1fa2045ac86ffb34189b?s=96&d=mm&r=g\",\"contentUrl\":\"https:\/\/secure.gravatar.com\/avatar\/9488b617977cf297a91217e6459fab3bba303b77184e1fa2045ac86ffb34189b?s=96&d=mm&r=g\",\"caption\":\"Sonia\"},\"url\":\"https:\/\/broquetas.com\/fr\/author\/sonia\/\"}]}<\/script>\n<!-- \/ Yoast SEO plugin. -->","yoast_head_json":{"title":"Broquetas renforce son expansion internationale gr\u00e2ce \u00e0 sa participation \u00e0 Productronica 2025 et au soutien d\u2019ACCI\u00d3 - BROQUETAS, S.L.","robots":{"index":"index","follow":"follow","max-snippet":"max-snippet:-1","max-image-preview":"max-image-preview:large","max-video-preview":"max-video-preview:-1"},"canonical":"https:\/\/broquetas.com\/fr\/broquetas-renforce-son-expansion-internationale-grace-a-sa-participation-a-productronica-2025-et-au-soutien-daccio\/","og_locale":"fr_FR","og_type":"article","og_title":"Broquetas renforce son expansion internationale gr\u00e2ce \u00e0 sa participation \u00e0 Productronica 2025 et au soutien d\u2019ACCI\u00d3 - BROQUETAS, S.L.","og_description":"La participation de Broquetas \u00e0 Productronica 2025, le salon mondial de r\u00e9f\u00e9rence pour l\u2019industrie \u00e9lectronique, repr\u00e9sente une nouvelle \u00e9tape importante dans notre strat\u00e9gie d\u2019internationalisation. Cet \u00e9v\u00e9nement, organis\u00e9 tous les deux ans \u00e0 Munich, r\u00e9unit les principaux fabricants, distributeurs, bureaux d\u2019ing\u00e9nierie et d\u00e9cideurs du secteur, constituant une plateforme essentielle pour \u00e9tablir des partenariats et pr\u00e9senter nos [&hellip;]","og_url":"https:\/\/broquetas.com\/fr\/broquetas-renforce-son-expansion-internationale-grace-a-sa-participation-a-productronica-2025-et-au-soutien-daccio\/","og_site_name":"BROQUETAS, S.L.","article_published_time":"2025-12-09T13:44:24+00:00","og_image":[{"width":1080,"height":1080,"url":"https:\/\/broquetas.com\/wp-content\/uploads\/2025\/12\/1764870227019.jpeg","type":"image\/jpeg"}],"author":"Sonia","twitter_card":"summary_large_image","twitter_misc":{"\u00c9crit par":"Sonia","Dur\u00e9e de lecture estim\u00e9e":"2 minutes"},"schema":{"@context":"https:\/\/schema.org","@graph":[{"@type":"Article","@id":"https:\/\/broquetas.com\/fr\/broquetas-renforce-son-expansion-internationale-grace-a-sa-participation-a-productronica-2025-et-au-soutien-daccio\/#article","isPartOf":{"@id":"https:\/\/broquetas.com\/fr\/broquetas-renforce-son-expansion-internationale-grace-a-sa-participation-a-productronica-2025-et-au-soutien-daccio\/"},"author":{"name":"Sonia","@id":"https:\/\/broquetas.com\/#\/schema\/person\/46c71c539ab61ef68dc93d301ce68eef"},"headline":"Broquetas renforce son expansion internationale gr\u00e2ce \u00e0 sa participation \u00e0 Productronica 2025 et au soutien d\u2019ACCI\u00d3","datePublished":"2025-12-09T13:44:24+00:00","mainEntityOfPage":{"@id":"https:\/\/broquetas.com\/fr\/broquetas-renforce-son-expansion-internationale-grace-a-sa-participation-a-productronica-2025-et-au-soutien-daccio\/"},"wordCount":296,"publisher":{"@id":"https:\/\/broquetas.com\/#organization"},"image":{"@id":"https:\/\/broquetas.com\/fr\/broquetas-renforce-son-expansion-internationale-grace-a-sa-participation-a-productronica-2025-et-au-soutien-daccio\/#primaryimage"},"thumbnailUrl":"https:\/\/broquetas.com\/wp-content\/uploads\/2025\/12\/1764870227019.jpeg","articleSection":["News"],"inLanguage":"fr-FR"},{"@type":"WebPage","@id":"https:\/\/broquetas.com\/fr\/broquetas-renforce-son-expansion-internationale-grace-a-sa-participation-a-productronica-2025-et-au-soutien-daccio\/","url":"https:\/\/broquetas.com\/fr\/broquetas-renforce-son-expansion-internationale-grace-a-sa-participation-a-productronica-2025-et-au-soutien-daccio\/","name":"Broquetas renforce son expansion internationale gr\u00e2ce \u00e0 sa participation \u00e0 Productronica 2025 et au soutien d\u2019ACCI\u00d3 - BROQUETAS, S.L.","isPartOf":{"@id":"https:\/\/broquetas.com\/#website"},"primaryImageOfPage":{"@id":"https:\/\/broquetas.com\/fr\/broquetas-renforce-son-expansion-internationale-grace-a-sa-participation-a-productronica-2025-et-au-soutien-daccio\/#primaryimage"},"image":{"@id":"https:\/\/broquetas.com\/fr\/broquetas-renforce-son-expansion-internationale-grace-a-sa-participation-a-productronica-2025-et-au-soutien-daccio\/#primaryimage"},"thumbnailUrl":"https:\/\/broquetas.com\/wp-content\/uploads\/2025\/12\/1764870227019.jpeg","datePublished":"2025-12-09T13:44:24+00:00","breadcrumb":{"@id":"https:\/\/broquetas.com\/fr\/broquetas-renforce-son-expansion-internationale-grace-a-sa-participation-a-productronica-2025-et-au-soutien-daccio\/#breadcrumb"},"inLanguage":"fr-FR","potentialAction":[{"@type":"ReadAction","target":["https:\/\/broquetas.com\/fr\/broquetas-renforce-son-expansion-internationale-grace-a-sa-participation-a-productronica-2025-et-au-soutien-daccio\/"]}]},{"@type":"ImageObject","inLanguage":"fr-FR","@id":"https:\/\/broquetas.com\/fr\/broquetas-renforce-son-expansion-internationale-grace-a-sa-participation-a-productronica-2025-et-au-soutien-daccio\/#primaryimage","url":"https:\/\/broquetas.com\/wp-content\/uploads\/2025\/12\/1764870227019.jpeg","contentUrl":"https:\/\/broquetas.com\/wp-content\/uploads\/2025\/12\/1764870227019.jpeg","width":1080,"height":1080,"caption":"Internacionalizaci\u00f3n con el apoyo de ACCI\u00d3"},{"@type":"BreadcrumbList","@id":"https:\/\/broquetas.com\/fr\/broquetas-renforce-son-expansion-internationale-grace-a-sa-participation-a-productronica-2025-et-au-soutien-daccio\/#breadcrumb","itemListElement":[{"@type":"ListItem","position":1,"name":"Home","item":"https:\/\/broquetas.com\/"},{"@type":"ListItem","position":2,"name":"Broquetas renforce son expansion internationale gr\u00e2ce \u00e0 sa participation \u00e0 Productronica 2025 et au soutien d\u2019ACCI\u00d3"}]},{"@type":"WebSite","@id":"https:\/\/broquetas.com\/#website","url":"https:\/\/broquetas.com\/","name":"BROQUETAS, S.L.","description":"","publisher":{"@id":"https:\/\/broquetas.com\/#organization"},"potentialAction":[{"@type":"SearchAction","target":{"@type":"EntryPoint","urlTemplate":"https:\/\/broquetas.com\/?s={search_term_string}"},"query-input":{"@type":"PropertyValueSpecification","valueRequired":true,"valueName":"search_term_string"}}],"inLanguage":"fr-FR"},{"@type":"Organization","@id":"https:\/\/broquetas.com\/#organization","name":"BROQUETAS S.L.","url":"https:\/\/broquetas.com\/","logo":{"@type":"ImageObject","inLanguage":"fr-FR","@id":"https:\/\/broquetas.com\/#\/schema\/logo\/image\/","url":"https:\/\/broquetas.com\/wp-content\/uploads\/2021\/08\/logo-broquetas-dark.png","contentUrl":"https:\/\/broquetas.com\/wp-content\/uploads\/2021\/08\/logo-broquetas-dark.png","width":262,"height":150,"caption":"BROQUETAS S.L."},"image":{"@id":"https:\/\/broquetas.com\/#\/schema\/logo\/image\/"},"sameAs":["https:\/\/www.linkedin.com\/in\/broquetas-s-l-broquetas-99a22283\/","https:\/\/www.youtube.com\/channel\/UCDYxB3N3CMqWo9DA-oyiAdg"]},{"@type":"Person","@id":"https:\/\/broquetas.com\/#\/schema\/person\/46c71c539ab61ef68dc93d301ce68eef","name":"Sonia","image":{"@type":"ImageObject","inLanguage":"fr-FR","@id":"https:\/\/broquetas.com\/#\/schema\/person\/image\/","url":"https:\/\/secure.gravatar.com\/avatar\/9488b617977cf297a91217e6459fab3bba303b77184e1fa2045ac86ffb34189b?s=96&d=mm&r=g","contentUrl":"https:\/\/secure.gravatar.com\/avatar\/9488b617977cf297a91217e6459fab3bba303b77184e1fa2045ac86ffb34189b?s=96&d=mm&r=g","caption":"Sonia"},"url":"https:\/\/broquetas.com\/fr\/author\/sonia\/"}]}},"_links":{"self":[{"href":"https:\/\/broquetas.com\/fr\/wp-json\/wp\/v2\/posts\/10317","targetHints":{"allow":["GET"]}}],"collection":[{"href":"https:\/\/broquetas.com\/fr\/wp-json\/wp\/v2\/posts"}],"about":[{"href":"https:\/\/broquetas.com\/fr\/wp-json\/wp\/v2\/types\/post"}],"author":[{"embeddable":true,"href":"https:\/\/broquetas.com\/fr\/wp-json\/wp\/v2\/users\/23"}],"replies":[{"embeddable":true,"href":"https:\/\/broquetas.com\/fr\/wp-json\/wp\/v2\/comments?post=10317"}],"version-history":[{"count":1,"href":"https:\/\/broquetas.com\/fr\/wp-json\/wp\/v2\/posts\/10317\/revisions"}],"predecessor-version":[{"id":10318,"href":"https:\/\/broquetas.com\/fr\/wp-json\/wp\/v2\/posts\/10317\/revisions\/10318"}],"wp:featuredmedia":[{"embeddable":true,"href":"https:\/\/broquetas.com\/fr\/wp-json\/wp\/v2\/media\/10311"}],"wp:attachment":[{"href":"https:\/\/broquetas.com\/fr\/wp-json\/wp\/v2\/media?parent=10317"}],"wp:term":[{"taxonomy":"category","embeddable":true,"href":"https:\/\/broquetas.com\/fr\/wp-json\/wp\/v2\/categories?post=10317"},{"taxonomy":"post_tag","embeddable":true,"href":"https:\/\/broquetas.com\/fr\/wp-json\/wp\/v2\/tags?post=10317"}],"curies":[{"name":"wp","href":"https:\/\/api.w.org\/{rel}","templated":true}]}}