{"id":10313,"date":"2025-12-09T14:42:21","date_gmt":"2025-12-09T13:42:21","guid":{"rendered":"https:\/\/broquetas.com\/?p=10313"},"modified":"2025-12-09T14:42:21","modified_gmt":"2025-12-09T13:42:21","slug":"broquetas-impulsa-la-seva-expansio-internacional-amb-la-participacio-a-productronica-2025-i-el-suport-daccio","status":"publish","type":"post","link":"https:\/\/broquetas.com\/ca\/broquetas-impulsa-la-seva-expansio-internacional-amb-la-participacio-a-productronica-2025-i-el-suport-daccio\/","title":{"rendered":"Broquetas impulsa la seva expansi\u00f3 internacional amb la participaci\u00f3 a Productronica 2025 i el suport d\u2019ACCI\u00d3"},"content":{"rendered":"<p data-start=\"199\" data-end=\"669\">La participaci\u00f3 de Broquetas a <strong data-start=\"230\" data-end=\"252\">Productronica 2025<\/strong>, la fira de refer\u00e8ncia mundial per al sector de l\u2019electr\u00f2nica, ha representat un pas endavant en el nostre proc\u00e9s d\u2019internacionalitzaci\u00f3. Aquesta trobada, que se celebra biennalment a Munic, reuneix els principals fabricants, distribu\u00efdors, enginyeries i responsables d\u2019innovaci\u00f3 de la ind\u00fastria, convertint-se en un espai estrat\u00e8gic per generar aliances i presentar novetats davant un p\u00fablic altament especialitzat.<\/p>\n<p data-start=\"671\" data-end=\"1120\">Disposar del <strong data-start=\"684\" data-end=\"702\">suport d\u2019ACCI\u00d3<\/strong>, l\u2019ag\u00e8ncia per a la competitivitat de l\u2019empresa de la Generalitat de Catalunya, ha refor\u00e7at la nostra pres\u00e8ncia en un esdeveniment clau per al creixement de Broquetas. Gr\u00e0cies a aquest acompanyament, hem pogut incrementar la visibilitat de la marca, consolidar relacions amb clients internacionals i detectar oportunitats en mercats on la demanda de solucions d\u2019estany i aliatges per a soldadura continua en expansi\u00f3.<\/p>\n<p data-start=\"1122\" data-end=\"1558\">Al llarg dels dies de fira, l\u2019equip de Broquetas va mantenir nombroses reunions amb fabricants i professionals de la ind\u00fastria interessats en les nostres solucions, reconegudes per la seva fiabilitat, qualitat i rendiment t\u00e8cnic. Aquest contacte directe amb el sector ens permet identificar noves necessitats, tend\u00e8ncies emergents i l\u00ednies d\u2019innovaci\u00f3 que guiaran la nostra estrat\u00e8gia de desenvolupament de producte en els pr\u00f2xims anys.<\/p>\n<p data-start=\"1560\" data-end=\"1864\">Agra\u00efm a ACCI\u00d3 el seu impuls i el seu comprom\u00eds amb la projecci\u00f3 global de les empreses catalanes. Continuem avan\u00e7ant amb determinaci\u00f3 per portar la innovaci\u00f3 de Broquetas a nous mercats i oferir als nostres clients internacionals solucions t\u00e8cniques alineades amb els est\u00e0ndards m\u00e9s exigents del sector.<\/p>\n","protected":false},"excerpt":{"rendered":"<p>La participaci\u00f3 de Broquetas a Productronica 2025, la fira de refer\u00e8ncia mundial per al sector de l\u2019electr\u00f2nica, ha representat un pas endavant en el nostre proc\u00e9s d\u2019internacionalitzaci\u00f3. Aquesta trobada, que se celebra biennalment a Munic, reuneix els principals fabricants, distribu\u00efdors, enginyeries i responsables d\u2019innovaci\u00f3 de la ind\u00fastria, convertint-se en un espai estrat\u00e8gic per generar aliances [&hellip;]<\/p>\n","protected":false},"author":23,"featured_media":10309,"comment_status":"closed","ping_status":"closed","sticky":false,"template":"","format":"standard","meta":{"_joinchat":[],"footnotes":""},"categories":[122],"tags":[],"class_list":["post-10313","post","type-post","status-publish","format-standard","has-post-thumbnail","hentry","category-news-ca"],"yoast_head":"<!-- This site is optimized with the Yoast SEO plugin v26.9 - https:\/\/yoast.com\/product\/yoast-seo-wordpress\/ -->\n<title>Broquetas impulsa la seva expansi\u00f3 internacional amb la participaci\u00f3 a Productronica 2025 i el suport d\u2019ACCI\u00d3 - BROQUETAS, S.L.<\/title>\n<meta name=\"robots\" content=\"index, follow, max-snippet:-1, max-image-preview:large, max-video-preview:-1\" \/>\n<link rel=\"canonical\" href=\"https:\/\/broquetas.com\/ca\/broquetas-impulsa-la-seva-expansio-internacional-amb-la-participacio-a-productronica-2025-i-el-suport-daccio\/\" \/>\n<meta property=\"og:locale\" content=\"ca_ES\" \/>\n<meta property=\"og:type\" content=\"article\" \/>\n<meta property=\"og:title\" content=\"Broquetas impulsa la seva expansi\u00f3 internacional amb la participaci\u00f3 a Productronica 2025 i el suport d\u2019ACCI\u00d3 - BROQUETAS, S.L.\" \/>\n<meta property=\"og:description\" content=\"La participaci\u00f3 de Broquetas a Productronica 2025, la fira de refer\u00e8ncia mundial per al sector de l\u2019electr\u00f2nica, ha representat un pas endavant en el nostre proc\u00e9s d\u2019internacionalitzaci\u00f3. Aquesta trobada, que se celebra biennalment a Munic, reuneix els principals fabricants, distribu\u00efdors, enginyeries i responsables d\u2019innovaci\u00f3 de la ind\u00fastria, convertint-se en un espai estrat\u00e8gic per generar aliances [&hellip;]\" \/>\n<meta property=\"og:url\" content=\"https:\/\/broquetas.com\/ca\/broquetas-impulsa-la-seva-expansio-internacional-amb-la-participacio-a-productronica-2025-i-el-suport-daccio\/\" \/>\n<meta property=\"og:site_name\" content=\"BROQUETAS, S.L.\" \/>\n<meta property=\"article:published_time\" content=\"2025-12-09T13:42:21+00:00\" \/>\n<meta property=\"og:image\" content=\"https:\/\/broquetas.com\/wp-content\/uploads\/2025\/12\/1764870227019.jpeg\" \/>\n\t<meta property=\"og:image:width\" content=\"1080\" \/>\n\t<meta property=\"og:image:height\" content=\"1080\" \/>\n\t<meta property=\"og:image:type\" content=\"image\/jpeg\" \/>\n<meta name=\"author\" content=\"Sonia\" \/>\n<meta name=\"twitter:card\" content=\"summary_large_image\" \/>\n<meta name=\"twitter:label1\" content=\"Escrit per\" \/>\n\t<meta name=\"twitter:data1\" content=\"Sonia\" \/>\n\t<meta name=\"twitter:label2\" content=\"Temps estimat de lectura\" \/>\n\t<meta name=\"twitter:data2\" content=\"2 minuts\" \/>\n<script type=\"application\/ld+json\" class=\"yoast-schema-graph\">{\"@context\":\"https:\/\/schema.org\",\"@graph\":[{\"@type\":\"Article\",\"@id\":\"https:\/\/broquetas.com\/ca\/broquetas-impulsa-la-seva-expansio-internacional-amb-la-participacio-a-productronica-2025-i-el-suport-daccio\/#article\",\"isPartOf\":{\"@id\":\"https:\/\/broquetas.com\/ca\/broquetas-impulsa-la-seva-expansio-internacional-amb-la-participacio-a-productronica-2025-i-el-suport-daccio\/\"},\"author\":{\"name\":\"Sonia\",\"@id\":\"https:\/\/broquetas.com\/#\/schema\/person\/46c71c539ab61ef68dc93d301ce68eef\"},\"headline\":\"Broquetas impulsa la seva expansi\u00f3 internacional amb la participaci\u00f3 a Productronica 2025 i el suport d\u2019ACCI\u00d3\",\"datePublished\":\"2025-12-09T13:42:21+00:00\",\"mainEntityOfPage\":{\"@id\":\"https:\/\/broquetas.com\/ca\/broquetas-impulsa-la-seva-expansio-internacional-amb-la-participacio-a-productronica-2025-i-el-suport-daccio\/\"},\"wordCount\":286,\"publisher\":{\"@id\":\"https:\/\/broquetas.com\/#organization\"},\"image\":{\"@id\":\"https:\/\/broquetas.com\/ca\/broquetas-impulsa-la-seva-expansio-internacional-amb-la-participacio-a-productronica-2025-i-el-suport-daccio\/#primaryimage\"},\"thumbnailUrl\":\"https:\/\/broquetas.com\/wp-content\/uploads\/2025\/12\/1764870227019.jpeg\",\"articleSection\":[\"News\"],\"inLanguage\":\"ca\"},{\"@type\":\"WebPage\",\"@id\":\"https:\/\/broquetas.com\/ca\/broquetas-impulsa-la-seva-expansio-internacional-amb-la-participacio-a-productronica-2025-i-el-suport-daccio\/\",\"url\":\"https:\/\/broquetas.com\/ca\/broquetas-impulsa-la-seva-expansio-internacional-amb-la-participacio-a-productronica-2025-i-el-suport-daccio\/\",\"name\":\"Broquetas impulsa la seva expansi\u00f3 internacional amb la participaci\u00f3 a Productronica 2025 i el suport d\u2019ACCI\u00d3 - BROQUETAS, S.L.\",\"isPartOf\":{\"@id\":\"https:\/\/broquetas.com\/#website\"},\"primaryImageOfPage\":{\"@id\":\"https:\/\/broquetas.com\/ca\/broquetas-impulsa-la-seva-expansio-internacional-amb-la-participacio-a-productronica-2025-i-el-suport-daccio\/#primaryimage\"},\"image\":{\"@id\":\"https:\/\/broquetas.com\/ca\/broquetas-impulsa-la-seva-expansio-internacional-amb-la-participacio-a-productronica-2025-i-el-suport-daccio\/#primaryimage\"},\"thumbnailUrl\":\"https:\/\/broquetas.com\/wp-content\/uploads\/2025\/12\/1764870227019.jpeg\",\"datePublished\":\"2025-12-09T13:42:21+00:00\",\"breadcrumb\":{\"@id\":\"https:\/\/broquetas.com\/ca\/broquetas-impulsa-la-seva-expansio-internacional-amb-la-participacio-a-productronica-2025-i-el-suport-daccio\/#breadcrumb\"},\"inLanguage\":\"ca\",\"potentialAction\":[{\"@type\":\"ReadAction\",\"target\":[\"https:\/\/broquetas.com\/ca\/broquetas-impulsa-la-seva-expansio-internacional-amb-la-participacio-a-productronica-2025-i-el-suport-daccio\/\"]}]},{\"@type\":\"ImageObject\",\"inLanguage\":\"ca\",\"@id\":\"https:\/\/broquetas.com\/ca\/broquetas-impulsa-la-seva-expansio-internacional-amb-la-participacio-a-productronica-2025-i-el-suport-daccio\/#primaryimage\",\"url\":\"https:\/\/broquetas.com\/wp-content\/uploads\/2025\/12\/1764870227019.jpeg\",\"contentUrl\":\"https:\/\/broquetas.com\/wp-content\/uploads\/2025\/12\/1764870227019.jpeg\",\"width\":1080,\"height\":1080,\"caption\":\"Internacionalizaci\u00f3n con el apoyo de ACCI\u00d3\"},{\"@type\":\"BreadcrumbList\",\"@id\":\"https:\/\/broquetas.com\/ca\/broquetas-impulsa-la-seva-expansio-internacional-amb-la-participacio-a-productronica-2025-i-el-suport-daccio\/#breadcrumb\",\"itemListElement\":[{\"@type\":\"ListItem\",\"position\":1,\"name\":\"Home\",\"item\":\"https:\/\/broquetas.com\/\"},{\"@type\":\"ListItem\",\"position\":2,\"name\":\"Broquetas impulsa la seva expansi\u00f3 internacional amb la participaci\u00f3 a Productronica 2025 i el suport d\u2019ACCI\u00d3\"}]},{\"@type\":\"WebSite\",\"@id\":\"https:\/\/broquetas.com\/#website\",\"url\":\"https:\/\/broquetas.com\/\",\"name\":\"BROQUETAS, S.L.\",\"description\":\"\",\"publisher\":{\"@id\":\"https:\/\/broquetas.com\/#organization\"},\"potentialAction\":[{\"@type\":\"SearchAction\",\"target\":{\"@type\":\"EntryPoint\",\"urlTemplate\":\"https:\/\/broquetas.com\/?s={search_term_string}\"},\"query-input\":{\"@type\":\"PropertyValueSpecification\",\"valueRequired\":true,\"valueName\":\"search_term_string\"}}],\"inLanguage\":\"ca\"},{\"@type\":\"Organization\",\"@id\":\"https:\/\/broquetas.com\/#organization\",\"name\":\"BROQUETAS S.L.\",\"url\":\"https:\/\/broquetas.com\/\",\"logo\":{\"@type\":\"ImageObject\",\"inLanguage\":\"ca\",\"@id\":\"https:\/\/broquetas.com\/#\/schema\/logo\/image\/\",\"url\":\"https:\/\/broquetas.com\/wp-content\/uploads\/2021\/08\/logo-broquetas-dark.png\",\"contentUrl\":\"https:\/\/broquetas.com\/wp-content\/uploads\/2021\/08\/logo-broquetas-dark.png\",\"width\":262,\"height\":150,\"caption\":\"BROQUETAS S.L.\"},\"image\":{\"@id\":\"https:\/\/broquetas.com\/#\/schema\/logo\/image\/\"},\"sameAs\":[\"https:\/\/www.linkedin.com\/in\/broquetas-s-l-broquetas-99a22283\/\",\"https:\/\/www.youtube.com\/channel\/UCDYxB3N3CMqWo9DA-oyiAdg\"]},{\"@type\":\"Person\",\"@id\":\"https:\/\/broquetas.com\/#\/schema\/person\/46c71c539ab61ef68dc93d301ce68eef\",\"name\":\"Sonia\",\"image\":{\"@type\":\"ImageObject\",\"inLanguage\":\"ca\",\"@id\":\"https:\/\/broquetas.com\/#\/schema\/person\/image\/\",\"url\":\"https:\/\/secure.gravatar.com\/avatar\/9488b617977cf297a91217e6459fab3bba303b77184e1fa2045ac86ffb34189b?s=96&d=mm&r=g\",\"contentUrl\":\"https:\/\/secure.gravatar.com\/avatar\/9488b617977cf297a91217e6459fab3bba303b77184e1fa2045ac86ffb34189b?s=96&d=mm&r=g\",\"caption\":\"Sonia\"},\"url\":\"https:\/\/broquetas.com\/ca\/author\/sonia\/\"}]}<\/script>\n<!-- \/ Yoast SEO plugin. -->","yoast_head_json":{"title":"Broquetas impulsa la seva expansi\u00f3 internacional amb la participaci\u00f3 a Productronica 2025 i el suport d\u2019ACCI\u00d3 - BROQUETAS, S.L.","robots":{"index":"index","follow":"follow","max-snippet":"max-snippet:-1","max-image-preview":"max-image-preview:large","max-video-preview":"max-video-preview:-1"},"canonical":"https:\/\/broquetas.com\/ca\/broquetas-impulsa-la-seva-expansio-internacional-amb-la-participacio-a-productronica-2025-i-el-suport-daccio\/","og_locale":"ca_ES","og_type":"article","og_title":"Broquetas impulsa la seva expansi\u00f3 internacional amb la participaci\u00f3 a Productronica 2025 i el suport d\u2019ACCI\u00d3 - BROQUETAS, S.L.","og_description":"La participaci\u00f3 de Broquetas a Productronica 2025, la fira de refer\u00e8ncia mundial per al sector de l\u2019electr\u00f2nica, ha representat un pas endavant en el nostre proc\u00e9s d\u2019internacionalitzaci\u00f3. Aquesta trobada, que se celebra biennalment a Munic, reuneix els principals fabricants, distribu\u00efdors, enginyeries i responsables d\u2019innovaci\u00f3 de la ind\u00fastria, convertint-se en un espai estrat\u00e8gic per generar aliances [&hellip;]","og_url":"https:\/\/broquetas.com\/ca\/broquetas-impulsa-la-seva-expansio-internacional-amb-la-participacio-a-productronica-2025-i-el-suport-daccio\/","og_site_name":"BROQUETAS, S.L.","article_published_time":"2025-12-09T13:42:21+00:00","og_image":[{"width":1080,"height":1080,"url":"https:\/\/broquetas.com\/wp-content\/uploads\/2025\/12\/1764870227019.jpeg","type":"image\/jpeg"}],"author":"Sonia","twitter_card":"summary_large_image","twitter_misc":{"Escrit per":"Sonia","Temps estimat de lectura":"2 minuts"},"schema":{"@context":"https:\/\/schema.org","@graph":[{"@type":"Article","@id":"https:\/\/broquetas.com\/ca\/broquetas-impulsa-la-seva-expansio-internacional-amb-la-participacio-a-productronica-2025-i-el-suport-daccio\/#article","isPartOf":{"@id":"https:\/\/broquetas.com\/ca\/broquetas-impulsa-la-seva-expansio-internacional-amb-la-participacio-a-productronica-2025-i-el-suport-daccio\/"},"author":{"name":"Sonia","@id":"https:\/\/broquetas.com\/#\/schema\/person\/46c71c539ab61ef68dc93d301ce68eef"},"headline":"Broquetas impulsa la seva expansi\u00f3 internacional amb la participaci\u00f3 a Productronica 2025 i el suport d\u2019ACCI\u00d3","datePublished":"2025-12-09T13:42:21+00:00","mainEntityOfPage":{"@id":"https:\/\/broquetas.com\/ca\/broquetas-impulsa-la-seva-expansio-internacional-amb-la-participacio-a-productronica-2025-i-el-suport-daccio\/"},"wordCount":286,"publisher":{"@id":"https:\/\/broquetas.com\/#organization"},"image":{"@id":"https:\/\/broquetas.com\/ca\/broquetas-impulsa-la-seva-expansio-internacional-amb-la-participacio-a-productronica-2025-i-el-suport-daccio\/#primaryimage"},"thumbnailUrl":"https:\/\/broquetas.com\/wp-content\/uploads\/2025\/12\/1764870227019.jpeg","articleSection":["News"],"inLanguage":"ca"},{"@type":"WebPage","@id":"https:\/\/broquetas.com\/ca\/broquetas-impulsa-la-seva-expansio-internacional-amb-la-participacio-a-productronica-2025-i-el-suport-daccio\/","url":"https:\/\/broquetas.com\/ca\/broquetas-impulsa-la-seva-expansio-internacional-amb-la-participacio-a-productronica-2025-i-el-suport-daccio\/","name":"Broquetas impulsa la seva expansi\u00f3 internacional amb la participaci\u00f3 a Productronica 2025 i el suport d\u2019ACCI\u00d3 - BROQUETAS, S.L.","isPartOf":{"@id":"https:\/\/broquetas.com\/#website"},"primaryImageOfPage":{"@id":"https:\/\/broquetas.com\/ca\/broquetas-impulsa-la-seva-expansio-internacional-amb-la-participacio-a-productronica-2025-i-el-suport-daccio\/#primaryimage"},"image":{"@id":"https:\/\/broquetas.com\/ca\/broquetas-impulsa-la-seva-expansio-internacional-amb-la-participacio-a-productronica-2025-i-el-suport-daccio\/#primaryimage"},"thumbnailUrl":"https:\/\/broquetas.com\/wp-content\/uploads\/2025\/12\/1764870227019.jpeg","datePublished":"2025-12-09T13:42:21+00:00","breadcrumb":{"@id":"https:\/\/broquetas.com\/ca\/broquetas-impulsa-la-seva-expansio-internacional-amb-la-participacio-a-productronica-2025-i-el-suport-daccio\/#breadcrumb"},"inLanguage":"ca","potentialAction":[{"@type":"ReadAction","target":["https:\/\/broquetas.com\/ca\/broquetas-impulsa-la-seva-expansio-internacional-amb-la-participacio-a-productronica-2025-i-el-suport-daccio\/"]}]},{"@type":"ImageObject","inLanguage":"ca","@id":"https:\/\/broquetas.com\/ca\/broquetas-impulsa-la-seva-expansio-internacional-amb-la-participacio-a-productronica-2025-i-el-suport-daccio\/#primaryimage","url":"https:\/\/broquetas.com\/wp-content\/uploads\/2025\/12\/1764870227019.jpeg","contentUrl":"https:\/\/broquetas.com\/wp-content\/uploads\/2025\/12\/1764870227019.jpeg","width":1080,"height":1080,"caption":"Internacionalizaci\u00f3n con el apoyo de ACCI\u00d3"},{"@type":"BreadcrumbList","@id":"https:\/\/broquetas.com\/ca\/broquetas-impulsa-la-seva-expansio-internacional-amb-la-participacio-a-productronica-2025-i-el-suport-daccio\/#breadcrumb","itemListElement":[{"@type":"ListItem","position":1,"name":"Home","item":"https:\/\/broquetas.com\/"},{"@type":"ListItem","position":2,"name":"Broquetas impulsa la seva expansi\u00f3 internacional amb la participaci\u00f3 a Productronica 2025 i el suport d\u2019ACCI\u00d3"}]},{"@type":"WebSite","@id":"https:\/\/broquetas.com\/#website","url":"https:\/\/broquetas.com\/","name":"BROQUETAS, S.L.","description":"","publisher":{"@id":"https:\/\/broquetas.com\/#organization"},"potentialAction":[{"@type":"SearchAction","target":{"@type":"EntryPoint","urlTemplate":"https:\/\/broquetas.com\/?s={search_term_string}"},"query-input":{"@type":"PropertyValueSpecification","valueRequired":true,"valueName":"search_term_string"}}],"inLanguage":"ca"},{"@type":"Organization","@id":"https:\/\/broquetas.com\/#organization","name":"BROQUETAS S.L.","url":"https:\/\/broquetas.com\/","logo":{"@type":"ImageObject","inLanguage":"ca","@id":"https:\/\/broquetas.com\/#\/schema\/logo\/image\/","url":"https:\/\/broquetas.com\/wp-content\/uploads\/2021\/08\/logo-broquetas-dark.png","contentUrl":"https:\/\/broquetas.com\/wp-content\/uploads\/2021\/08\/logo-broquetas-dark.png","width":262,"height":150,"caption":"BROQUETAS S.L."},"image":{"@id":"https:\/\/broquetas.com\/#\/schema\/logo\/image\/"},"sameAs":["https:\/\/www.linkedin.com\/in\/broquetas-s-l-broquetas-99a22283\/","https:\/\/www.youtube.com\/channel\/UCDYxB3N3CMqWo9DA-oyiAdg"]},{"@type":"Person","@id":"https:\/\/broquetas.com\/#\/schema\/person\/46c71c539ab61ef68dc93d301ce68eef","name":"Sonia","image":{"@type":"ImageObject","inLanguage":"ca","@id":"https:\/\/broquetas.com\/#\/schema\/person\/image\/","url":"https:\/\/secure.gravatar.com\/avatar\/9488b617977cf297a91217e6459fab3bba303b77184e1fa2045ac86ffb34189b?s=96&d=mm&r=g","contentUrl":"https:\/\/secure.gravatar.com\/avatar\/9488b617977cf297a91217e6459fab3bba303b77184e1fa2045ac86ffb34189b?s=96&d=mm&r=g","caption":"Sonia"},"url":"https:\/\/broquetas.com\/ca\/author\/sonia\/"}]}},"_links":{"self":[{"href":"https:\/\/broquetas.com\/ca\/wp-json\/wp\/v2\/posts\/10313","targetHints":{"allow":["GET"]}}],"collection":[{"href":"https:\/\/broquetas.com\/ca\/wp-json\/wp\/v2\/posts"}],"about":[{"href":"https:\/\/broquetas.com\/ca\/wp-json\/wp\/v2\/types\/post"}],"author":[{"embeddable":true,"href":"https:\/\/broquetas.com\/ca\/wp-json\/wp\/v2\/users\/23"}],"replies":[{"embeddable":true,"href":"https:\/\/broquetas.com\/ca\/wp-json\/wp\/v2\/comments?post=10313"}],"version-history":[{"count":1,"href":"https:\/\/broquetas.com\/ca\/wp-json\/wp\/v2\/posts\/10313\/revisions"}],"predecessor-version":[{"id":10314,"href":"https:\/\/broquetas.com\/ca\/wp-json\/wp\/v2\/posts\/10313\/revisions\/10314"}],"wp:featuredmedia":[{"embeddable":true,"href":"https:\/\/broquetas.com\/ca\/wp-json\/wp\/v2\/media\/10309"}],"wp:attachment":[{"href":"https:\/\/broquetas.com\/ca\/wp-json\/wp\/v2\/media?parent=10313"}],"wp:term":[{"taxonomy":"category","embeddable":true,"href":"https:\/\/broquetas.com\/ca\/wp-json\/wp\/v2\/categories?post=10313"},{"taxonomy":"post_tag","embeddable":true,"href":"https:\/\/broquetas.com\/ca\/wp-json\/wp\/v2\/tags?post=10313"}],"curies":[{"name":"wp","href":"https:\/\/api.w.org\/{rel}","templated":true}]}}